{"id":294028,"date":"2025-08-03T17:37:12","date_gmt":"2025-08-03T17:37:12","guid":{"rendered":"https:\/\/www.europesays.com\/fr\/294028\/"},"modified":"2025-08-03T17:37:12","modified_gmt":"2025-08-03T17:37:12","slug":"motogp-kenan-sofuoglu-manoeuvre-pour-lavenir-de-deniz-oncu-le-poids-des-euros-face-a-la-fidelite-ktm","status":"publish","type":"post","link":"https:\/\/www.europesays.com\/fr\/294028\/","title":{"rendered":"MotoGP, Kenan Sofuoglu man\u0153uvre pour l\u2019avenir de Deniz \u00d6nc\u00fc : le poids des euros face \u00e0 la fid\u00e9lit\u00e9 KTM"},"content":{"rendered":"<p><strong>Dans les coulisses du paddock Moto2, un homme s\u2019active<br \/>\nen silence, mais avec efficacit\u00e9. Kenan Sofuoglu, quintuple<br \/>\nchampion du monde Supersport et d\u00e9sormais mentor influent dans le<br \/>\nmonde du deux-roues turc, est en pleine n\u00e9gociation pour l\u2019avenir<br \/>\nde son prot\u00e9g\u00e9 : Deniz \u00d6nc\u00fc. Derri\u00e8re les r\u00e9sultats sportifs<br \/>\nencourageants du jeune pilote se cache un enjeu strat\u00e9gique bien<br \/>\nplus large, o\u00f9 la dimension financi\u00e8re pourrait tout faire<br \/>\nbasculer.<\/strong><\/p>\n<p>Apr\u00e8s une premi\u00e8re saison compliqu\u00e9e en Moto2 en 2024, conclue \u00e0<br \/>\nla 20e place, <strong>Deniz<\/strong> a pris son envol en 2025. Avec<br \/>\ndeux victoires, au <strong>Sachsenring<\/strong> et \u00e0<br \/>\n<strong>Aragon<\/strong>, et une sixi\u00e8me place actuelle au<br \/>\nchampionnat, le Turc a d\u00e9montr\u00e9 qu\u2019il pouvait \u00eatre un acteur majeur<br \/>\nde la cat\u00e9gorie. Cette progression fulgurante n\u2019a pas \u00e9chapp\u00e9 aux<br \/>\nrecruteurs, et encore moins \u00e0 <strong>Sofuoglu<\/strong>, qui voit<br \/>\ndans les r\u00e9sultats de son pilote l\u2019occasion d\u2019obtenir une<br \/>\nrevalorisation salariale significative, ou m\u00eame un transfert vers<br \/>\nune structure plus g\u00e9n\u00e9reuse.<\/p>\n<p>Selon des indiscr\u00e9tions du paddock, <strong>\u00d6nc\u00fc<\/strong><br \/>\npourrait doubler sa r\u00e9mun\u00e9ration annuelle en quittant<br \/>\n<strong>KTM<\/strong> pour une autre \u00e9curie de pointe. Parmi les<br \/>\nplus s\u00e9rieuses options, l\u2019\u00e9quipe <strong>Marc VDS<\/strong>, en<br \/>\nqu\u00eate d\u2019un rempla\u00e7ant de <strong>Jake Dixon<\/strong> (promu en<br \/>\nSuperbike chez Honda), se montrerait tr\u00e8s int\u00e9ress\u00e9e. Une<br \/>\nopportunit\u00e9 que <strong>Sofuoglu<\/strong> envisage avec<br \/>\npragmatisme. Car m\u00eame si Deniz est un produit pur de la fili\u00e8re<br \/>\n<strong>KTM<\/strong> \u2014 de la Rookies Cup \u00e0 <strong>Tech3<\/strong><br \/>\nen Moto3, puis <strong>Ajo<\/strong> en Moto2 \u2014 la loyaut\u00e9 ne peut<br \/>\npas se substituer ind\u00e9finiment \u00e0 une reconnaissance concr\u00e8te,<br \/>\nfinanci\u00e8rement parlant.<\/p>\n<p><a href=\"https:\/\/www.paddock-gp.com\/street-ktm-redemarre-enfin-la-production-apres-des-mois-darret-un-nouveau-depart-industriel-sous-le-signe-de-la-resilience\/\" rel=\"nofollow noopener\" target=\"_blank\"><br \/>\n<strong>KTM<\/strong><\/a>, de son c\u00f4t\u00e9, est face \u00e0 un dilemme :<br \/>\ncontinuer de miser sur <strong>\u00d6nc\u00fc<\/strong>, devenu l\u2019un de ses<br \/>\npilotes les plus performants, ou pr\u00e9parer l\u2019arriv\u00e9e de <strong>Jos\u00e9<br \/>\nRueda<\/strong>, actuel leader du championnat Moto3 et jeune espoir<br \/>\nespagnol sur qui Mattighofen fonde de grandes attentes. Le choix<br \/>\nest d\u00e9licat. Garder les deux serait logique sportivement, mais les<br \/>\nbudgets sont contraints et les places limit\u00e9es.<\/p>\n<p><img decoding=\"async\" class=\"aligncenter\" src=\"https:\/\/www.europesays.com\/fr\/wp-content\/uploads\/2025\/08\/4a5a3c45780740f5a18ac1997b0b3d1f.jpg\" alt=\"Le manager Kenan Sofuoglu (\u00e0 gauche) avec Deniz \u00d6nc\u00fc\"\/><\/p>\n<p><strong>Le r\u00eave turc Pramac avec<br \/>\nToprak Razgatlioglu en MotoGP et les fr\u00e8res \u00d6nc\u00fc en Moto2<br \/>\n?<\/strong><\/p>\n<p>Autre \u00e9l\u00e9ment de tension : le contrat de <strong>Collin<br \/>\nVeijer<\/strong>, co\u00e9quipier d\u2019<strong>\u00d6nc\u00fc<\/strong> chez<br \/>\n<strong>Ajo<\/strong>, est s\u00e9curis\u00e9 jusqu\u2019en 2026\u2026 malgr\u00e9 une saison<br \/>\ntr\u00e8s en retrait. Avec seulement 13 points au compteur contre 100<br \/>\npour le Turc, l\u2019argument sportif ne joue pas en faveur du<br \/>\nN\u00e9erlandais. Mais contractualiser Deniz pour 2026 impliquerait des<br \/>\najustements chez <strong>KTM<\/strong>.<\/p>\n<p>En arri\u00e8re-plan, une rumeur tenace alimente les sp\u00e9culations :<br \/>\nvoir les jumeaux <strong>\u00d6nc\u00fc<\/strong>, <strong>Deniz<\/strong> et<br \/>\n<strong>Can<\/strong>, associ\u00e9s \u00e0 <strong>Toprak<br \/>\nRazgatlioglu<\/strong> dans la future structure <a href=\"https:\/\/www.motogp.com\/en\" rel=\"nofollow noopener\" target=\"_blank\">Moto2<\/a> de <strong>Pramac<\/strong>,<br \/>\naux c\u00f4t\u00e9s d\u2019un constructeur japonais ou d\u2019un projet MotoGP \u00e9largi.<br \/>\nMais un trio turc dans une \u00e9quipe italienne pourrait poser des<br \/>\nquestions de positionnement marketing. Le directeur de l\u2019\u00e9quipe,<br \/>\n<a href=\"https:\/\/www.paddock-gp.com\/motogp-gino-borsoi-face-a-un-choix-difficile-chez-pramac-je-suis-desole-de-devoir-me-separer-dun-de-mes-deux-pilotes-actuels\/\" rel=\"nofollow noopener\" target=\"_blank\"><br \/>\n<strong>Gino Borsoi<\/strong><\/a>, a d\u00e9j\u00e0 ni\u00e9 tout projet de ce<br \/>\ntype, affirmant n\u2019avoir \u00e9t\u00e9 mis au courant de rien.<\/p>\n<p>En attendant, <a href=\"https:\/\/www.paddock-gp.com\/motogp-toprak-razgatlioglu-sans-kenan-sofuoglu-rien-de-tout-cela-ne-serait-possible\/\" rel=\"nofollow noopener\" target=\"_blank\"><br \/>\n<strong>Kenan Sofuoglu<\/strong><\/a> trace sa route. Derri\u00e8re son<br \/>\ncalme apparent se cache un strat\u00e8ge bien d\u00e9cid\u00e9 \u00e0 faire valoir la<br \/>\nvaleur r\u00e9elle de <strong>Deniz \u00d6nc\u00fc<\/strong> sur le march\u00e9. Pour<br \/>\nlui, le moment est venu de transformer le talent en contrat. Et<br \/>\ncette fois, ce ne sont pas les chronos, mais les chiffres sur la<br \/>\ntable de n\u00e9gociation qui feront la diff\u00e9rence.<\/p>\n<p><img loading=\"lazy\" decoding=\"async\" class=\"aligncenter wp-image-1315702\" src=\"https:\/\/www.europesays.com\/fr\/wp-content\/uploads\/2025\/08\/Deniz-2.jpg\" alt=\"Deniz \u00d6nc\u00fc \" width=\"853\" height=\"572\"  \/><\/p>\n","protected":false},"excerpt":{"rendered":"Dans les coulisses du paddock Moto2, un homme s\u2019active en silence, mais avec efficacit\u00e9. Kenan Sofuoglu, quintuple champion&hellip;\n","protected":false},"author":2,"featured_media":294029,"comment_status":"","ping_status":"","sticky":false,"template":"","format":"standard","meta":{"footnotes":""},"categories":[1413],"tags":[1011,27,1457,1456,60],"class_list":{"0":"post-294028","1":"post","2":"type-post","3":"status-publish","4":"format-standard","5":"has-post-thumbnail","7":"category-moto","8":"tag-fr","9":"tag-france","10":"tag-moto","11":"tag-motocycle","12":"tag-sports"},"share_on_mastodon":{"url":"https:\/\/pubeurope.com\/@fr\/114966052504603950","error":""},"_links":{"self":[{"href":"https:\/\/www.europesays.com\/fr\/wp-json\/wp\/v2\/posts\/294028","targetHints":{"allow":["GET"]}}],"collection":[{"href":"https:\/\/www.europesays.com\/fr\/wp-json\/wp\/v2\/posts"}],"about":[{"href":"https:\/\/www.europesays.com\/fr\/wp-json\/wp\/v2\/types\/post"}],"author":[{"embeddable":true,"href":"https:\/\/www.europesays.com\/fr\/wp-json\/wp\/v2\/users\/2"}],"replies":[{"embeddable":true,"href":"https:\/\/www.europesays.com\/fr\/wp-json\/wp\/v2\/comments?post=294028"}],"version-history":[{"count":0,"href":"https:\/\/www.europesays.com\/fr\/wp-json\/wp\/v2\/posts\/294028\/revisions"}],"wp:featuredmedia":[{"embeddable":true,"href":"https:\/\/www.europesays.com\/fr\/wp-json\/wp\/v2\/media\/294029"}],"wp:attachment":[{"href":"https:\/\/www.europesays.com\/fr\/wp-json\/wp\/v2\/media?parent=294028"}],"wp:term":[{"taxonomy":"category","embeddable":true,"href":"https:\/\/www.europesays.com\/fr\/wp-json\/wp\/v2\/categories?post=294028"},{"taxonomy":"post_tag","embeddable":true,"href":"https:\/\/www.europesays.com\/fr\/wp-json\/wp\/v2\/tags?post=294028"}],"curies":[{"name":"wp","href":"https:\/\/api.w.org\/{rel}","templated":true}]}}