{"id":294037,"date":"2025-08-03T17:42:14","date_gmt":"2025-08-03T17:42:14","guid":{"rendered":"https:\/\/www.europesays.com\/fr\/294037\/"},"modified":"2025-08-03T17:42:14","modified_gmt":"2025-08-03T17:42:14","slug":"marion-toulgoat-expose-ses-peintures-vivantes-a-la-loco-a-quimperle","status":"publish","type":"post","link":"https:\/\/www.europesays.com\/fr\/294037\/","title":{"rendered":"Marion Toulgoat expose ses peintures vivantes \u00e0 la Loco, \u00e0 Quimperl\u00e9"},"content":{"rendered":"<p>\u00ab\u00a0Quand je peins, je veux qu\u2019on s\u2019\u00e9vade de la structure du tableau\u00a0\u00bb. Cette phrase r\u00e9sume bien le travail de l\u2019artiste Marion Toulgoat, bas\u00e9e \u00e0 Arzano, \u00e9prise de libert\u00e9 et de nature. Passionn\u00e9e par la peinture depuis ses 11 ans, elle se sp\u00e9cialise dans les fresques murales et le trompe-l\u2019\u0153il. Ce dernier proc\u00e9d\u00e9 est employ\u00e9 dans la quinzaine d\u2019\u0153uvres qui constituent sa s\u00e9rie \u00ab\u00a0Quand la toile prend vie\u00a0\u00bb, expos\u00e9e \u00e0 la salle culturelle La Loco de Quimperl\u00e9 \u00e0 partir de ce dimanche 3 ao\u00fbt 2025.<\/p>\n<p>Pr\u00eats \u00e0 bondir hors du cadre<\/p>\n<p>Tout est une question de relief. Marion Toulgoat peint d\u2019abord sur toile, alternant entre vernis brillant et vernis mat pour cr\u00e9er des contrastes. Elle appose ensuite \u00e0 ce d\u00e9cor des figures animales ou v\u00e9g\u00e9tales d\u00e9coup\u00e9es dans du bois. Papillons, perroquets et poissons multicolores semblent s\u2019\u00e9chapper de leur cadre. Certains s\u2019animent m\u00eame, comme la maison de f\u00e9e inspir\u00e9e par sa fille, dont on peut ouvrir la porte pour jeter un coup d\u2019\u0153il curieux \u00e0 l\u2019int\u00e9rieur. Ou cette grenouille qui bondit hors du tableau, une demande de son petit gar\u00e7on. \u00ab\u00a0J\u2019aime beaucoup peindre les animaux. Petit \u00e0 petit, on voit les poils appara\u00eetre, la pupille se former, et le tableau prend vie\u00a0\u00bb, confie-t-elle.<\/p>\n<p><img decoding=\"async\" src=\"https:\/\/www.europesays.com\/fr\/wp-content\/uploads\/2025\/08\/688e4df391f4ab886301dd30.1.jpeg\" width=\"480\" height=\"300\" class=\"web_golden_m\" loading=\"lazy\" alt=\"Les toiles de la s\u00e9rie \u00ab\u00a0Emprunte d\u2019un\u2026\u00a0\u00bb de Marion Toulgoat m\u00ealent formes g\u00e9om\u00e9triques et animaux dont les pupilles renferment une carte de leur contr\u00e9e d\u2019origine.\"\/>Les toiles de la s\u00e9rie \u00ab\u00a0Emprunte d\u2019un\u2026\u00a0\u00bb de Marion Toulgoat m\u00ealent formes g\u00e9om\u00e9triques et animaux dont les pupilles renferment une carte de leur contr\u00e9e d\u2019origine. (Le T\u00e9l\u00e9gramme\/Lila Paulou)L\u2019amour des animaux<\/p>\n<p>Sa deuxi\u00e8me s\u00e9rie \u00ab\u00a0Emprunte d\u2019un\u2026\u00a0\u00bb, expos\u00e9e \u00e0 l\u2019\u00e9tage de la Loco, repr\u00e9sente des animaux plus vrais que nature. \u00c0 l\u2019int\u00e9rieur de leur \u0153il figure une carte de leur pays ou r\u00e9gion d\u2019origine. On peut ainsi distinguer la France dans l\u2019\u0153il d\u2019un h\u00e9risson, le Canada dans la pupille d\u2019un \u00e9cureuil, ou le N\u00e9pal dans celle d\u2019un panda roux malicieux. Le suricate qui nous accueille en haut des escaliers porte dans son regard l\u2019Afrique toute enti\u00e8re. Une fa\u00e7on de rendre hommage \u00e0 la nature qu\u2019elle affectionne tant.<\/p>\n<p>Pratique<\/p>\n<p class=\"note\">La Loco, 33 boulevard de la gare \u00e0 Quimperl\u00e9. Vernissage de l\u2019exposition de Marion Toulgoat ce dimanche 3 ao\u00fbt \u00e0 18\u00a0h.<\/p>\n","protected":false},"excerpt":{"rendered":"\u00ab\u00a0Quand je peins, je veux qu\u2019on s\u2019\u00e9vade de la structure du tableau\u00a0\u00bb. Cette phrase r\u00e9sume bien le travail&hellip;\n","protected":false},"author":2,"featured_media":294038,"comment_status":"","ping_status":"","sticky":false,"template":"","format":"standard","meta":{"footnotes":""},"categories":[1358],"tags":[3734,1348,1384,1385,1386,58,59,3293,1011,27,11878],"class_list":{"0":"post-294037","1":"post","2":"type-post","3":"status-publish","4":"format-standard","5":"has-post-thumbnail","7":"category-arts-et-design","8":"tag-art","9":"tag-arts","10":"tag-arts-and-design","11":"tag-arts-et-design","12":"tag-design","13":"tag-divertissement","14":"tag-entertainment","15":"tag-exposition","16":"tag-fr","17":"tag-france","18":"tag-quimperle"},"share_on_mastodon":{"url":"https:\/\/pubeurope.com\/@fr\/114966072102604742","error":""},"_links":{"self":[{"href":"https:\/\/www.europesays.com\/fr\/wp-json\/wp\/v2\/posts\/294037","targetHints":{"allow":["GET"]}}],"collection":[{"href":"https:\/\/www.europesays.com\/fr\/wp-json\/wp\/v2\/posts"}],"about":[{"href":"https:\/\/www.europesays.com\/fr\/wp-json\/wp\/v2\/types\/post"}],"author":[{"embeddable":true,"href":"https:\/\/www.europesays.com\/fr\/wp-json\/wp\/v2\/users\/2"}],"replies":[{"embeddable":true,"href":"https:\/\/www.europesays.com\/fr\/wp-json\/wp\/v2\/comments?post=294037"}],"version-history":[{"count":0,"href":"https:\/\/www.europesays.com\/fr\/wp-json\/wp\/v2\/posts\/294037\/revisions"}],"wp:featuredmedia":[{"embeddable":true,"href":"https:\/\/www.europesays.com\/fr\/wp-json\/wp\/v2\/media\/294038"}],"wp:attachment":[{"href":"https:\/\/www.europesays.com\/fr\/wp-json\/wp\/v2\/media?parent=294037"}],"wp:term":[{"taxonomy":"category","embeddable":true,"href":"https:\/\/www.europesays.com\/fr\/wp-json\/wp\/v2\/categories?post=294037"},{"taxonomy":"post_tag","embeddable":true,"href":"https:\/\/www.europesays.com\/fr\/wp-json\/wp\/v2\/tags?post=294037"}],"curies":[{"name":"wp","href":"https:\/\/api.w.org\/{rel}","templated":true}]}}