{"id":294043,"date":"2025-08-03T17:45:32","date_gmt":"2025-08-03T17:45:32","guid":{"rendered":"https:\/\/www.europesays.com\/fr\/294043\/"},"modified":"2025-08-03T17:45:32","modified_gmt":"2025-08-03T17:45:32","slug":"vianney-en-plein-chantier-le-chanteur-se-filme-en-train-de-construire-sa-cabane-dans-les-bois-un-boulot-de-dingue","status":"publish","type":"post","link":"https:\/\/www.europesays.com\/fr\/294043\/","title":{"rendered":"Vianney en plein chantier, le chanteur se filme en train de construire sa cabane dans les bois, un boulot de dingue !"},"content":{"rendered":"<p class=\"articleContent-meta\">\n        Aujourd&rsquo;hui \u00e0 15:57 &#8211; par             Nicolas Bonzom<\/p>\n<p>                    Tweeter<\/p>\n<p>                    Partager sur Facebook<\/p>\n<p>                        <img decoding=\"async\" src=\"https:\/\/www.europesays.com\/fr\/wp-content\/uploads\/2025\/08\/vianney-explique-pourquoi-son-fils-n-ira-pas-a-the-voice.jpg\" alt=\"Player Video\" class=\"player-applyRatio poster exclude-seedtag\"\/><\/p>\n<p>Vianney annon\u00e7ait au mois de juin dernier son intention de prendre un peu de recul sur sa carri\u00e8re, et de se lancer dans une folle aventure : construire une cabane, en pleine nature, pour y \u00e9crire de nouvelles chansons. Ce dimanche 3 ao\u00fbt, le chanteur a fait le point sur son \u00e9tonnant projet, qu&rsquo;il esp\u00e8re achever d&rsquo;ici No\u00ebl.<\/p>\n<p>Une cabane en pleine nature ! C&rsquo;est l&rsquo;\u00e9tonnant projet dans lequel <a href=\"https:\/\/www.programme.tv\/news\/tag\/vianney\/\" target=\"_blank\" rel=\"noopener\">Vianney<\/a> s&rsquo;est lanc\u00e9 ces derni\u00e8res semaines. Le 23 juin dernier, dans une vid\u00e9o post\u00e9e sur Instagram, 11 ans apr\u00e8s la sortie de son premier tube, Pas l\u00e0, le chanteur de 34 ans expliquait son intention de prendre du recul sur <a href=\"https:\/\/www.programme.tv\/news\/actu\/240737-je-navais-pas-de-sous-jai-perdu-12-kilos-vianney-raconte-ses-galeres-financieres-au-debut-de-sa-carriere\/\" target=\"_blank\" rel=\"noopener\">sa carri\u00e8re<\/a> pour construire un refuge. \u00ab\u00a0Je ressens le besoin de tourner ces pages-l\u00e0 pour un temps, de me retrouver un petit peu moi\u00a0\u00bb, confiait Vianney, qui esp\u00e9rait ainsi se retrouver \u00ab\u00a0seul\u00a0\u00bb et \u00ab\u00a0dans le silence\u00a0\u00bb. Et cette cabane, o\u00f9 il \u00e9crira sans doute ses prochains succ\u00e8s, avance bien ! Ce dimanche, <a href=\"https:\/\/www.programme.tv\/news\/actu\/261935-il-n-a-aucune-idee-de-ce-que-c-est-the-voice-vianney-fait-de-rares-confidences-sur-son-fils-edgar\/\" target=\"_blank\" rel=\"noopener\">l&rsquo;ancien coach de The Voice<\/a> a expliqu\u00e9 <a href=\"https:\/\/www.instagram.com\/p\/DM4poy5NC41\/?hl=fr\" target=\"_blank\" rel=\"noopener\">sur Instagram<\/a> o\u00f9 il en \u00e9tait de ce projet fou. Sur une vid\u00e9o, on voit l&rsquo;interpr\u00e8te de <a href=\"https:\/\/www.programme.tv\/news\/actu\/177276-le-clip-de-la-semaine-moi-aimer-toi-de-vianney-video\/\" target=\"_blank\" rel=\"noopener\">Moi aimer toi<\/a> construire les fondations de sa maisonnette. \u00ab\u00a0Je ne suis pas exp\u00e9riment\u00e9, donc ce ne sera pas parfait, \u00e9crit-il. J\u2019y mettrai un lit, une table, un po\u00eale, une guitare et un piano.\u00a0\u00bb<\/p>\n<p>                                \u00ab\u00a0Des arbres morts mena\u00e7aient de tomber sur ma cabane\u00a0\u00bb : Vianney raconte ses p\u00e9rip\u00e9ties dans la construction de son refuge<\/p>\n<p>Vianney a d\u00e9j\u00e0 une petite id\u00e9e de quand il pourra passer ses premi\u00e8res nuits dans cette cabane dans les bois. \u00ab\u00a0Je fais tout pour finir avant No\u00ebl, m\u00eame si j\u2019ai d\u00e9j\u00e0 pris un peu de retard, explique le compositeur. Vous pensez que j\u2019y arriverai ?\u00a0\u00bb Vianney a toutefois affront\u00e9 quelques difficult\u00e9s dans le projet \u00e9tonnant qui l\u2019occupe : le d\u00e9broussaillage du secteur o\u00f9 il a pr\u00e9vu d\u2019installer sa petite maison a \u00e9t\u00e9 particuli\u00e8rement compliqu\u00e9, raconte-t-il <a href=\"https:\/\/www.youtube.com\/watch?v=F4kfWQKUTno\" rel=\"nofollow noopener\" target=\"_blank\">sur sa cha\u00eene Youtube<\/a>. \u00ab\u00a0J\u2019avais vraiment sous-estim\u00e9 cette \u00e9tape de d\u00e9blayage de la zone, explique dans les sous-titres l\u2019ancien coach de The Voice, qui a grimp\u00e9 lui-m\u00eame dans un tracteur pour venir \u00e0 bout de ce travail indispensable. Des arbres morts mena\u00e7aient de tomber sur la cabane, alors j\u2019ai coup\u00e9 ce bois qui me servira plus tard.\u00a0\u00bb Creuser a \u00e9galement \u00e9t\u00e9 une \u00e9tape \u00ab\u00a0\u00e9puisante\u00a0\u00bb pour Vianney. C\u2019est en effet avec une pelle, seul, qu\u2019il a entrepris cette phase indispensable de son projet. \u00ab\u00a0Mon ma\u00e7on avait gentiment propos\u00e9 de me pr\u00eater sa pelleteuse, mais la douche du soir n\u2019aurait pas eu la m\u00eame saveur, explique-t-il. Et c\u2019est comme si j\u2019avais, ainsi, pris possession de l\u2019endroit, \u00e0 la force des bras.\u00a0\u00bb \u00c7a n\u2019a pas \u00e9t\u00e9 facile non plus de faire du b\u00e9ton pour ses fondations, \u00ab\u00a0le premier\u00a0\u00bb de sa vie, d\u00e9taille le trentenaire, mais \u00e0 force d\u2019efforts, Vianney est arriv\u00e9 \u00e0 ses fins.<\/p>\n<p>                Vianney a install\u00e9 de quoi s&rsquo;abriter des \u00ab\u00a0pluies glac\u00e9es de novembre\u00a0\u00bb sur le site de la construction de sa cabane, en pleine nature<\/p>\n<p>Mais le plus \u00e9tonnant, dans cette parenth\u00e8se dans la vie de Vianney, c\u2019est que l\u2019interpr\u00e8te de Dumbo a visiblement pr\u00e9vu de poursuivre les travaux, sur le site de sa future cabane, qu\u2019il vente ou qu\u2019il neige ! Sur Youtube, on le voit en effet installer sa tente, qui lui a permis de \u00ab\u00a0s\u2019abriter du soleil de juillet\u00a0\u00bb et qui lui permettra d\u2019affronter \u00ab\u00a0les pluies glac\u00e9es de novembre\u00a0\u00bb, explique-t-il. \u00c7a, c&rsquo;est un changement de vie.<\/p>\n<blockquote class=\"instagram-media\" data-instgrm-captioned=\"\" data-instgrm-permalink=\"https:\/\/www.instagram.com\/reel\/DM4poy5NC41\/?utm_source=ig_embed&amp;utm_campaign=loading\" data-instgrm-version=\"14\" style=\" background:#FFF; border:0; border-radius:3px; box-shadow:0 0 1px 0 rgba(0,0,0,0.5),0 1px 10px 0 rgba(0,0,0,0.15); margin: 1px; max-width:658px; min-width:326px; padding:0; width:99.375%; width:-webkit-calc(100% - 2px); width:calc(100% - 2px);\"\/>\n<p>Article \u00e9crit en collaboration avec 6M\u00e9dias<\/p>\n<p>Rejoignez-nous sur Google News !<\/p>\n<p class=\"articleContent-pushTagline\">Abonnez-vous \u00e0 <a href=\"https:\/\/news.google.com\/publications\/CAAiEJwr-IZFXDFoZD1ePbkC_VcqFAgKIhCcK_iGRVwxaGQ9Xj25Av1X\" target=\"_blank\" rel=\"noopener\">T\u00e9l\u00e9 2 semaines sur Google News<\/a> pour ne manquer aucune info !<\/p>\n<p><script async src=\"\/\/www.instagram.com\/embed.js\"><\/script><\/p>\n","protected":false},"excerpt":{"rendered":"Aujourd&rsquo;hui \u00e0 15:57 &#8211; par Nicolas Bonzom Tweeter Partager sur Facebook Vianney annon\u00e7ait au mois de juin dernier&hellip;\n","protected":false},"author":2,"featured_media":294044,"comment_status":"","ping_status":"","sticky":false,"template":"","format":"standard","meta":{"footnotes":""},"categories":[1355],"tags":[58,59,1011,27,1361,873,1630],"class_list":{"0":"post-294043","1":"post","2":"type-post","3":"status-publish","4":"format-standard","5":"has-post-thumbnail","7":"category-musique","8":"tag-divertissement","9":"tag-entertainment","10":"tag-fr","11":"tag-france","12":"tag-music","13":"tag-musique","14":"tag-zapping"},"share_on_mastodon":{"url":"https:\/\/pubeurope.com\/@fr\/114966083855970924","error":""},"_links":{"self":[{"href":"https:\/\/www.europesays.com\/fr\/wp-json\/wp\/v2\/posts\/294043","targetHints":{"allow":["GET"]}}],"collection":[{"href":"https:\/\/www.europesays.com\/fr\/wp-json\/wp\/v2\/posts"}],"about":[{"href":"https:\/\/www.europesays.com\/fr\/wp-json\/wp\/v2\/types\/post"}],"author":[{"embeddable":true,"href":"https:\/\/www.europesays.com\/fr\/wp-json\/wp\/v2\/users\/2"}],"replies":[{"embeddable":true,"href":"https:\/\/www.europesays.com\/fr\/wp-json\/wp\/v2\/comments?post=294043"}],"version-history":[{"count":0,"href":"https:\/\/www.europesays.com\/fr\/wp-json\/wp\/v2\/posts\/294043\/revisions"}],"wp:featuredmedia":[{"embeddable":true,"href":"https:\/\/www.europesays.com\/fr\/wp-json\/wp\/v2\/media\/294044"}],"wp:attachment":[{"href":"https:\/\/www.europesays.com\/fr\/wp-json\/wp\/v2\/media?parent=294043"}],"wp:term":[{"taxonomy":"category","embeddable":true,"href":"https:\/\/www.europesays.com\/fr\/wp-json\/wp\/v2\/categories?post=294043"},{"taxonomy":"post_tag","embeddable":true,"href":"https:\/\/www.europesays.com\/fr\/wp-json\/wp\/v2\/tags?post=294043"}],"curies":[{"name":"wp","href":"https:\/\/api.w.org\/{rel}","templated":true}]}}