{"id":294047,"date":"2025-08-03T17:48:12","date_gmt":"2025-08-03T17:48:12","guid":{"rendered":"https:\/\/www.europesays.com\/fr\/294047\/"},"modified":"2025-08-03T17:48:12","modified_gmt":"2025-08-03T17:48:12","slug":"les-regles-pour-le-don-du-sang-vont-etre-assouplies-a-la-rentree","status":"publish","type":"post","link":"https:\/\/www.europesays.com\/fr\/294047\/","title":{"rendered":"Les r\u00e8gles pour le don du sang vont \u00eatre assouplies \u00e0 la rentr\u00e9e"},"content":{"rendered":"<p>\u00c0 partir du 1er\u00a0septembre, le long d\u00e9lai impos\u00e9 apr\u00e8s un tatouage, un piercing ou une s\u00e9ance d\u2019acupuncture sera r\u00e9duit, sans pour autant augmenter les risques de transmission de maladies infectieuses.<\/p>\n<p class=\"fig-paragraph\">Jusqu\u2019\u00e0 maintenant, un simple<a href=\"http:\/\/www.lefigaro.fr\/voyages\/conseils\/le-saviez-vous-au-japon-le-tatouage-n-a-pas-bonne-reputation-20240219\" data-fig-type=\"Article\" data-gtm-custom-categorie=\"navigation\" data-gtm-custom-action=\"crossclick\" data-gtm-custom-label=\"Contextuel\" data-gtm-event=\"customEventSPE\" data-fig-domain=\"LEFIGARO\" target=\"_blank\" rel=\"noopener\">\u00a0tatouage<\/a>\u00a0un\u00a0<a href=\"http:\/\/www.lefigaro.fr\/decideurs\/management\/bermuda-au-travail-piercing-tatouage-pourquoi-faire-une-reflexion-a-un-salarie-est-tres-risque-20230616\" data-fig-type=\"Article\" data-gtm-custom-categorie=\"navigation\" data-gtm-custom-action=\"crossclick\" data-gtm-custom-label=\"Contextuel\" data-gtm-event=\"customEventSPE\" data-fig-domain=\"LEFIGARO\" target=\"_blank\" rel=\"noopener\">piercing<\/a>\u00a0ou une s\u00e9ance d<a href=\"https:\/\/www.lefigaro.fr\/sciences\/l-acupuncture-est-elle-vraiment-efficace-20200224-1\" data-fig-type=\"Article\" data-gtm-custom-categorie=\"navigation\" data-gtm-custom-action=\"crossclick\" data-gtm-custom-label=\"Contextuel\" data-gtm-event=\"customEventSPE\" data-fig-domain=\"LEFIGARO\" target=\"_blank\" rel=\"noopener\">\u2019acupuncture<\/a>\u00a0suffisaient \u00e0 vous \u00e9carter des files de collecte de sang pendant quatre mois. Les autorit\u00e9s de sant\u00e9 craignaient en effet qu\u2019une infection transmise lors de l\u2019acte, h\u00e9patite\u00a0C en t\u00eate, passe inaper\u00e7ue et ne soit transmise aux receveurs. \u00ab\u00a0Ce d\u00e9lai correspondait \u00e0 la \u201cfen\u00eatre silencieuse\u201d\u00a0: l\u2019intervalle entre la contamination \u00e9ventuelle et la d\u00e9tection possible par les tests sanguins\u00a0\u00bb, explique la Dr\u00a0Syria Laperche, directrice m\u00e9dicale de l\u2019\u00c9tablissement fran\u00e7ais du sang (EFS). Il y a quelques ann\u00e9es encore, il fallait plusieurs semaines pour que ces tests r\u00e9v\u00e8lent la pr\u00e9sence d\u2019anticorps. \u00ab\u00a0Aujourd\u2019hui, les techniques ont \u00e9volu\u00e9\u00a0: on peut d\u00e9sormais d\u00e9tecter directement le virus, d\u00e8s une dizaine de jours apr\u00e8s l\u2019exposition\u00a0\u00bb, poursuit-elle.<\/p>\n<p class=\"fig-paragraph\">Parall\u00e8lement, les conditions d\u2019hygi\u00e8ne dans les \u00e9tablissements de tatouage ou de piercing se sont nettement am\u00e9lior\u00e9es. R\u00e9sultat\u00a0: les experts consult\u00e9s\u2026<\/p>\n<p class=\"fig-premium-paywall__infos\">\n        Cet article est r\u00e9serv\u00e9 aux abonn\u00e9s.        Il vous reste 77% \u00e0 d\u00e9couvrir.\n    <\/p>\n<p>                <img  data- alt=\"Le Figaro\" class=\"fig-img--complete fig-img\"\/><\/p>\n<p class=\"fig-premium-paywall__title\">Vous avez envie de lire la suite ?<\/p>\n<p class=\"fig-premium-paywall__subtitle\">D\u00e9bloquez tous les articles imm\u00e9diatement.<\/p>\n<p class=\"fig-premium-paywall__connect\">\n                D\u00e9j\u00e0 abonn\u00e9\u00a0?                <a class=\"fig-premium-paywall__connect-link\" href=\"https:\/\/connect.lefigaro.fr\/login?client=sante_web&amp;type=main&amp;redirect_uri=https%3A%2F%2Fsante.lefigaro.fr%2Fsocial%2Fsante-publique%2Fles-regles-pour-le-don-du-sang-vont-etre-assouplies-a-la-rentree-20250803\" data-js-gtm=\"{&quot;customCategorie&quot;: &quot;conversion&quot;, &quot;customAction&quot;: &quot;before_Landing_Connexion_paywall_auto&quot;, &quot;customLabel&quot;: &quot;c2FudGUubGVmaWdhcm8uZnJfXzFmMDcwNDkwLWUxY2MtNjk5Yy1hZDRjLWE1OGVmY2Y5MDA2Zl9fQXJ0aWNsZQ==_Les r\u00e8gles pour le don du sang vont \u00eatre assouplies \u00e0 la rentr\u00e9e_151&quot;, &quot;customIDSPE&quot;: &quot;c2FudGUubGVmaWdhcm8uZnJfXzFmMDcwNDkwLWUxY2MtNjk5Yy1hZDRjLWE1OGVmY2Y5MDA2Zl9fQXJ0aWNsZQ==&quot;, &quot;event&quot;: &quot;customEventSPE&quot;}\" target=\"_blank\" rel=\"noopener\"><br \/>\n                    Connectez-vous<br \/>\n                <\/a>\n            <\/p>\n","protected":false},"excerpt":{"rendered":"\u00c0 partir du 1er\u00a0septembre, le long d\u00e9lai impos\u00e9 apr\u00e8s un tatouage, un piercing ou une s\u00e9ance d\u2019acupuncture sera&hellip;\n","protected":false},"author":2,"featured_media":294048,"comment_status":"","ping_status":"","sticky":false,"template":"","format":"standard","meta":{"footnotes":""},"categories":[10],"tags":[15931,1011,27,72,71],"class_list":{"0":"post-294047","1":"post","2":"type-post","3":"status-publish","4":"format-standard","5":"has-post-thumbnail","7":"category-sante","8":"tag-don-du-sang","9":"tag-fr","10":"tag-france","11":"tag-health","12":"tag-sante"},"share_on_mastodon":{"url":"https:\/\/pubeurope.com\/@fr\/114966095732481638","error":""},"_links":{"self":[{"href":"https:\/\/www.europesays.com\/fr\/wp-json\/wp\/v2\/posts\/294047","targetHints":{"allow":["GET"]}}],"collection":[{"href":"https:\/\/www.europesays.com\/fr\/wp-json\/wp\/v2\/posts"}],"about":[{"href":"https:\/\/www.europesays.com\/fr\/wp-json\/wp\/v2\/types\/post"}],"author":[{"embeddable":true,"href":"https:\/\/www.europesays.com\/fr\/wp-json\/wp\/v2\/users\/2"}],"replies":[{"embeddable":true,"href":"https:\/\/www.europesays.com\/fr\/wp-json\/wp\/v2\/comments?post=294047"}],"version-history":[{"count":0,"href":"https:\/\/www.europesays.com\/fr\/wp-json\/wp\/v2\/posts\/294047\/revisions"}],"wp:featuredmedia":[{"embeddable":true,"href":"https:\/\/www.europesays.com\/fr\/wp-json\/wp\/v2\/media\/294048"}],"wp:attachment":[{"href":"https:\/\/www.europesays.com\/fr\/wp-json\/wp\/v2\/media?parent=294047"}],"wp:term":[{"taxonomy":"category","embeddable":true,"href":"https:\/\/www.europesays.com\/fr\/wp-json\/wp\/v2\/categories?post=294047"},{"taxonomy":"post_tag","embeddable":true,"href":"https:\/\/www.europesays.com\/fr\/wp-json\/wp\/v2\/tags?post=294047"}],"curies":[{"name":"wp","href":"https:\/\/api.w.org\/{rel}","templated":true}]}}