{"id":29405,"date":"2025-04-16T14:41:12","date_gmt":"2025-04-16T14:41:12","guid":{"rendered":"https:\/\/www.europesays.com\/fr\/29405\/"},"modified":"2025-04-16T14:41:12","modified_gmt":"2025-04-16T14:41:12","slug":"guerre-en-ukraine-le-secretaire-detat-americain-rubio-va-se-rendre-a-paris-ce-mercredi-pour-discuter-du-conflit","status":"publish","type":"post","link":"https:\/\/www.europesays.com\/fr\/29405\/","title":{"rendered":"Guerre en Ukraine\u00a0: le secr\u00e9taire d\u2019\u00c9tat am\u00e9ricain Rubio va se rendre \u00e0 Paris ce mercredi pour discuter du conflit"},"content":{"rendered":"<p class=\"paragraph text_align_left\">Le secr\u00e9taire d\u2019\u00c9tat am\u00e9ricain <a href=\"https:\/\/www.leparisien.fr\/international\/etats-unis\/video-pourquoi-le-secretaire-detat-americain-marco-rubio-sest-affiche-a-la-tele-avec-une-croix-sur-le-front-07-03-2025-YPUFI2AJRJBOPNNVNSK7OHQHLE.php\" target=\"_self\" rel=\"noopener\">Marco Rubio<\/a> va se rendre \u00e0 Paris ce mercredi pour des discussions sur le conflit <a href=\"https:\/\/www.leparisien.fr\/crise-ukraine-russie\/\" target=\"_self\" rel=\"noopener\">en Ukraine<\/a>, a-t-on appris aupr\u00e8s du d\u00e9partement d\u2019\u00c9tat.<\/p>\n<p class=\"paragraph text_align_left\">Marco Rubio sera accompagn\u00e9 de l\u2019\u00e9missaire sp\u00e9cial pour le Moyen-Orient, <a href=\"https:\/\/www.leparisien.fr\/international\/etats-unis\/il-ne-parle-pas-comme-un-diplomate-qui-est-steve-witkoff-lenvoye-de-donald-trump-au-moyen-orient-17-01-2025-57KP5GOGDVHEFCIFD2OW6IUI7U.php\" target=\"_self\" rel=\"noopener\">Steve Witkoff<\/a>, pour des \u00ab discussions avec leurs homologues europ\u00e9ens afin d\u2019avancer l\u2019objectif du <a href=\"https:\/\/www.leparisien.fr\/international\/etats-unis\/vous-ne-commencez-pas-une-guerre-contre-quelquun-20-fois-plus-grand-trump-sen-prend-une-nouvelle-fois-a-zelensky-14-04-2025-WEQ2RZ2ICZCPVDEXLY3CPBPH7U.php\" target=\"_self\" rel=\"noopener\">pr\u00e9sident Trump<\/a> de mettre fin \u00e0 la guerre entre l\u2019Ukraine et la Russie et d\u2019arr\u00eater la tuerie \u00bb, selon un communiqu\u00e9.<\/p>\n<p class=\"paragraph text_align_left\">Les n\u00e9gociations \u00e0 l\u2019initiative de Donald Trump en vue d\u2019<a href=\"https:\/\/www.leparisien.fr\/international\/apres-laccord-entre-kiev-et-washington-enfin-lespoir-dun-cessez-le-feu-en-ukraine-11-03-2025-PGRTO5A2DNF6VCXPC5L34YXJZU.php\" target=\"_self\" rel=\"noopener\">un cessez-le-feu g\u00e9n\u00e9ral<\/a> entre Kiev et Moscou <a href=\"https:\/\/www.leparisien.fr\/international\/a-nouveau-mis-en-cause-par-trump-zelensky-soutient-que-lukraine-na-jamais-souhaite-cette-guerre-15-04-2025-2RXQCYW6OVGKXKBK3VXHARE32U.php\" target=\"_blank\" rel=\"noopener\">n\u2019ont pour l\u2019instant pas abouti<\/a>, l\u2019<a href=\"https:\/\/www.leparisien.fr\/international\/guerre-en-ukraine-frappe-russe-a-soumy-zelensky-fait-etat-de-dizaines-de-morts-et-de-blesses-13-04-2025-QGD5T2SNVVFELB3RSYAOQO4K3Y.php\" target=\"_self\" rel=\"noopener\">attaque russe dimanche contre Soumy<\/a>, dans le nord-est de l\u2019Ukraine, ayant caus\u00e9 la mort d\u2019au moins 35 civils, venant t\u00e9moigner de la poursuite de ce conflit meurtrier.<\/p>\n<p class=\"paragraph text_align_left\">L\u2019\u00e9missaire du pr\u00e9sident am\u00e9ricain avait cependant affirm\u00e9 lundi, trois jours apr\u00e8s une <a href=\"https:\/\/www.leparisien.fr\/international\/etats-unis\/guerre-en-ukraine-poutine-va-rencontrer-lemissaire-de-trump-qui-reclame-que-la-russie-se-bouge-11-04-2025-A7XZ2WMJNFA5JODDXL3JAVNTJY.php\" target=\"_self\" rel=\"noopener\">nouvelle rencontre avec Vladimir Poutine<\/a>, que les pourparlers \u00e9taient \u00ab sur le point \u00bb de permettre des avanc\u00e9es.<\/p>\n<p class=\"title-embed-dailymotion lp-color-text lp-f-subtitle-04\">Vid\u00e9o\u00ab\u00a0Venez voir \u00bb\u00a0: Zelensky appelle Trump \u00e0 se rendre en Ukraine<\/p>\n<p class=\"paragraph text_align_left\">Les entretiens \u00e0 Paris interviennent par ailleurs alors que de rares discussions entre T\u00e9h\u00e9ran et Washington sur le programme nucl\u00e9aire de l\u2019Iran ont eu lieu samedi dernier dans le sultanat d\u2019Oman, et qu\u2019un nouveau round est pr\u00e9vu le 19 avril, toujours sous la m\u00e9diation du sultanat d\u2019Oman. D\u2019abord annonc\u00e9es \u00e0 Rome, ces discussions se tiendront finalement une nouvelle fois \u00e0 Mascate, capitale d\u2019Oman.<\/p>\n","protected":false},"excerpt":{"rendered":"Le secr\u00e9taire d\u2019\u00c9tat am\u00e9ricain Marco Rubio va se rendre \u00e0 Paris ce mercredi pour des discussions sur le&hellip;\n","protected":false},"author":2,"featured_media":29406,"comment_status":"","ping_status":"","sticky":false,"template":"","format":"standard","meta":{"footnotes":""},"categories":[1590],"tags":[11,898,8936,73,1777,674,14,12,220],"class_list":{"0":"post-29405","1":"post","2":"type-post","3":"status-publish","4":"format-standard","5":"has-post-thumbnail","7":"category-ukraine","8":"tag-actualites","9":"tag-alerte","10":"tag-breaking-news","11":"tag-etats-unis","12":"tag-eu","13":"tag-europe","14":"tag-international","15":"tag-news","16":"tag-ukraine"},"share_on_mastodon":{"url":"https:\/\/pubeurope.com\/@fr\/114348168606273072","error":""},"_links":{"self":[{"href":"https:\/\/www.europesays.com\/fr\/wp-json\/wp\/v2\/posts\/29405","targetHints":{"allow":["GET"]}}],"collection":[{"href":"https:\/\/www.europesays.com\/fr\/wp-json\/wp\/v2\/posts"}],"about":[{"href":"https:\/\/www.europesays.com\/fr\/wp-json\/wp\/v2\/types\/post"}],"author":[{"embeddable":true,"href":"https:\/\/www.europesays.com\/fr\/wp-json\/wp\/v2\/users\/2"}],"replies":[{"embeddable":true,"href":"https:\/\/www.europesays.com\/fr\/wp-json\/wp\/v2\/comments?post=29405"}],"version-history":[{"count":0,"href":"https:\/\/www.europesays.com\/fr\/wp-json\/wp\/v2\/posts\/29405\/revisions"}],"wp:featuredmedia":[{"embeddable":true,"href":"https:\/\/www.europesays.com\/fr\/wp-json\/wp\/v2\/media\/29406"}],"wp:attachment":[{"href":"https:\/\/www.europesays.com\/fr\/wp-json\/wp\/v2\/media?parent=29405"}],"wp:term":[{"taxonomy":"category","embeddable":true,"href":"https:\/\/www.europesays.com\/fr\/wp-json\/wp\/v2\/categories?post=29405"},{"taxonomy":"post_tag","embeddable":true,"href":"https:\/\/www.europesays.com\/fr\/wp-json\/wp\/v2\/tags?post=29405"}],"curies":[{"name":"wp","href":"https:\/\/api.w.org\/{rel}","templated":true}]}}