{"id":294051,"date":"2025-08-03T17:50:09","date_gmt":"2025-08-03T17:50:09","guid":{"rendered":"https:\/\/www.europesays.com\/fr\/294051\/"},"modified":"2025-08-03T17:50:09","modified_gmt":"2025-08-03T17:50:09","slug":"lorganisation-de-tiphaine-et-de-ses-soeurs-pour-des-etes-a-douze-en-normandie","status":"publish","type":"post","link":"https:\/\/www.europesays.com\/fr\/294051\/","title":{"rendered":"l\u2019organisation de Tiphaine et de ses s\u0153urs pour des \u00e9t\u00e9s \u00e0 douze en Normandie"},"content":{"rendered":"<p data-module=\"fig-standfirst-editorial-episode\" data-context=\"@media (min-width:48em)\">Huit enfants, trois s\u0153urs, une grand-m\u00e8re&#8230; et un \u00e9quilibre presque parfait. Peu de tensions, pas de repas improvis\u00e9s, ni de sentiment d\u2019in\u00e9galit\u00e9. Dans leur maison familiale en Normandie, Tiphaine et les siens ont mis en place une organisation qui permet \u00e0 chacun de souffler, sans que personne ne se sente oubli\u00e9.<\/p>\n<p class=\"fig-paragraph fig-paragraph--dropped\">Assise sur la terrasse, Tiphaine ferme les yeux. Le caf\u00e9 est encore chaud, le soleil lui caresse le visage, l\u2019odeur des pins monte avec la brise. Au loin, des cris d\u2019enfants\u00a0: la joyeuse bande des huit cousins et cousines d\u00e9boule dans le jardin, pieds nus, surexcit\u00e9s, se poursuivant en hurlant de rire. Aucun \u00abMamaaaan?\u00bb \u00e0 l\u2019horizon, pas de maillot introuvable ni de doudou disparu. Les enfants s\u2019occupent seuls. Elle ouvre son\u00a0<a href=\"http:\/\/www.lefigaro.fr\/bons-plans\/virginie-grimaldi-voici-ses-3-livres-les-plus-achetes-pour-cet-ete-20250728\" data-fig-type=\"Article\" rel=\"sponsored nofollow noopener\" data-gtm-custom-categorie=\"navigation\" data-gtm-custom-action=\"crossclick\" data-gtm-custom-label=\"Contextuel\" data-gtm-event=\"customEventSPE\" data-fig-domain=\"LEFIGARO\" target=\"_blank\">livre<\/a>, lit trois pages d\u2019affil\u00e9e et sourit. C\u2019est \u00e7a, les vraies\u00a0<a href=\"http:\/\/www.lefigaro.fr\/actualite-france\/dossier\/vos-vacances-en-famille\" data-fig-type=\"Topic\" data-gtm-custom-categorie=\"navigation\" data-gtm-custom-action=\"crossclick\" data-gtm-custom-label=\"Contextuel\" data-gtm-event=\"customEventSPE\" data-fig-domain=\"LEFIGARO\" rel=\"nofollow noopener\" target=\"_blank\">vacances<\/a>.<\/p>\n<p class=\"fig-paragraph fig-paragraph--dropped\">Des vacances, des vraies, avec huit enfants de 4 \u00e0 13 ans\u00a0? Sans cris, sans pagaille, et sans que tout repose sur les \u00e9paules d\u2019une seule personne\u00a0? C\u2019est possible, \u00e0 condition que rien ne soit laiss\u00e9 au hasard. Avec ses deux s\u0153urs et leur m\u00e8re, elles ont mis au point un fonctionnement solide qui laisse une place \u00e0 l\u2019impr\u00e9vu, sans jamais sombrer dans le d\u00e9sordre. T\u00e2ches partag\u00e9es, repas tournants, trajets mutualis\u00e9s&#8230; et surtout, un \u00e9quilibre qui permet \u00e0 chacune de souffler.<\/p>\n<p class=\"fig-paragraph fig-paragraph--dropped\"><strong>PLANTER\u2026<\/strong><\/p>\n<p class=\"fig-premium-paywall__infos\">\n        Cet article est r\u00e9serv\u00e9 aux abonn\u00e9s.        Il vous reste 87% \u00e0 d\u00e9couvrir.\n    <\/p>\n<p>                <img  data- alt=\"Le Figaro\" class=\"fig-img--complete fig-img\"\/><\/p>\n<p class=\"fig-premium-paywall__title\">Vous avez envie de lire la suite ?<\/p>\n<p class=\"fig-premium-paywall__subtitle\">D\u00e9bloquez tous les articles imm\u00e9diatement.<\/p>\n<p class=\"fig-premium-paywall__connect\">\n                D\u00e9j\u00e0 abonn\u00e9\u00a0?                <a class=\"fig-premium-paywall__connect-link\" href=\"https:\/\/connect.lefigaro.fr\/login?client=horizon_web&amp;type=main&amp;redirect_uri=https%3A%2F%2Fwww.lefigaro.fr%2Factualite-france%2Fmeme-si-maman-a-les-moyens-c-est-normal-qu-on-participe-l-organisation-de-tiphaine-et-de-ses-soeurs-pour-des-etes-a-douze-en-normandie-20250803\" data-js-gtm=\"{&quot;customCategorie&quot;: &quot;conversion&quot;, &quot;customAction&quot;: &quot;before_Landing_Connexion_paywall_auto&quot;, &quot;customLabel&quot;: &quot;bGVmaWdhcm8uZnJfXzFmMDZjNGM3LWE5MjItNjFkNi1hZTRlLWRkMjQzNDk4OThkNF9fQXJ0aWNsZQ==_\u00abM\u00eame si maman a les moyens, c\u2019est normal qu\u2019on participe\u00bb\u00a0: l\u2019organisation de Tiphaine et de ses s\u0153urs pour des \u00e9t\u00e9s \u00e0 douze en Normandie_1&quot;, &quot;customIDSPE&quot;: &quot;bGVmaWdhcm8uZnJfXzFmMDZjNGM3LWE5MjItNjFkNi1hZTRlLWRkMjQzNDk4OThkNF9fQXJ0aWNsZQ==&quot;, &quot;event&quot;: &quot;customEventSPE&quot;}\" rel=\"nofollow noopener\" target=\"_blank\"><br \/>\n                    Connectez-vous<br \/>\n                <\/a>\n            <\/p>\n","protected":false},"excerpt":{"rendered":"Huit enfants, trois s\u0153urs, une grand-m\u00e8re&#8230; et un \u00e9quilibre presque parfait. Peu de tensions, pas de repas improvis\u00e9s,&hellip;\n","protected":false},"author":2,"featured_media":294052,"comment_status":"","ping_status":"","sticky":false,"template":"","format":"standard","meta":{"footnotes":""},"categories":[8],"tags":[58,59,652,1011,27,2528],"class_list":{"0":"post-294051","1":"post","2":"type-post","3":"status-publish","4":"format-standard","5":"has-post-thumbnail","7":"category-divertissement","8":"tag-divertissement","9":"tag-entertainment","10":"tag-famille","11":"tag-fr","12":"tag-france","13":"tag-vacances"},"share_on_mastodon":{"url":"https:\/\/pubeurope.com\/@fr\/114966103732270986","error":""},"_links":{"self":[{"href":"https:\/\/www.europesays.com\/fr\/wp-json\/wp\/v2\/posts\/294051","targetHints":{"allow":["GET"]}}],"collection":[{"href":"https:\/\/www.europesays.com\/fr\/wp-json\/wp\/v2\/posts"}],"about":[{"href":"https:\/\/www.europesays.com\/fr\/wp-json\/wp\/v2\/types\/post"}],"author":[{"embeddable":true,"href":"https:\/\/www.europesays.com\/fr\/wp-json\/wp\/v2\/users\/2"}],"replies":[{"embeddable":true,"href":"https:\/\/www.europesays.com\/fr\/wp-json\/wp\/v2\/comments?post=294051"}],"version-history":[{"count":0,"href":"https:\/\/www.europesays.com\/fr\/wp-json\/wp\/v2\/posts\/294051\/revisions"}],"wp:featuredmedia":[{"embeddable":true,"href":"https:\/\/www.europesays.com\/fr\/wp-json\/wp\/v2\/media\/294052"}],"wp:attachment":[{"href":"https:\/\/www.europesays.com\/fr\/wp-json\/wp\/v2\/media?parent=294051"}],"wp:term":[{"taxonomy":"category","embeddable":true,"href":"https:\/\/www.europesays.com\/fr\/wp-json\/wp\/v2\/categories?post=294051"},{"taxonomy":"post_tag","embeddable":true,"href":"https:\/\/www.europesays.com\/fr\/wp-json\/wp\/v2\/tags?post=294051"}],"curies":[{"name":"wp","href":"https:\/\/api.w.org\/{rel}","templated":true}]}}