{"id":294053,"date":"2025-08-03T17:51:11","date_gmt":"2025-08-03T17:51:11","guid":{"rendered":"https:\/\/www.europesays.com\/fr\/294053\/"},"modified":"2025-08-03T17:51:11","modified_gmt":"2025-08-03T17:51:11","slug":"ce-que-les-chercheurs-ont-decouvert-au-grand-canyon-est-fascinant","status":"publish","type":"post","link":"https:\/\/www.europesays.com\/fr\/294053\/","title":{"rendered":"ce que les chercheurs ont d\u00e9couvert au Grand Canyon est fascinant"},"content":{"rendered":"<p><img fetchpriority=\"high\" decoding=\"async\" width=\"1024\" height=\"578\" src=\"https:\/\/www.europesays.com\/fr\/wp-content\/uploads\/2025\/08\/grand-canyoon-etats-unis-levee-soleil-1024x578.webp.webp\" alt=\"Vue du Grand Canyon au lever du soleil avec le fleuve Colorado\" class=\"wp-image-985179\" style=\"width:840px;height:auto\"  \/>Le Grand Canyon au lever du jour : une fresque naturelle creus\u00e9e dans les entrailles du temps \u2013 DailyGeekShow.com<\/p>\n<p><strong>Au c\u0153ur du Grand Canyon, des chercheurs ont mis au jour des formes de vie marine \u00e2g\u00e9es de 500 millions d\u2019ann\u00e9es. Leurs structures alimentaires, d\u2019une complexit\u00e9 inattendue, r\u00e9v\u00e8lent une sophistication \u00e9volutive bien plus ancienne qu\u2019on ne l\u2019imaginait.<\/strong><\/p>\n<p><strong>Une mer tropicale stable qui a favoris\u00e9 l\u2019\u00e9mergence de strat\u00e9gies \u00e9volutives audacieuses<\/strong><\/p>\n<p><strong>Bien avant<\/strong> de devenir le paysage aride que l\u2019on conna\u00eet, le Grand Canyon abritait une mer <a href=\"https:\/\/dailygeekshow.com\/forets-tropicales-la-disparition-de-la-jungle-a-failli-aneantir-la-vie-un-mystere-vieux-de-cinq-millions-dannees\/\" rel=\"nofollow noopener\" target=\"_blank\">tropicale<\/a> peu profonde. Ses eaux ti\u00e8des et oxyg\u00e9n\u00e9es ont permis le d\u00e9veloppement d\u2019une biodiversit\u00e9 insoup\u00e7onn\u00e9e. <strong>Contrairement<\/strong> aux environnements extr\u00eames des autres sites fossilif\u00e8res du Cambrien, cette mer offrait stabilit\u00e9, lumi\u00e8re et productivit\u00e9 biologique.<\/p>\n<p>Lire aussi <a href=\"https:\/\/dailygeekshow.com\/plus-de-2-500-galaxies-revelees-james-webb-signe-lune-des-plus-profondes-plongees-cosmiques-a-ce-jour\/\" rel=\"nofollow noopener\" target=\"_blank\">Plus de 2 500 galaxies r\u00e9v\u00e9l\u00e9es : James Webb signe l\u2019une des plus profondes plong\u00e9es cosmiques \u00e0 ce jour<\/a><\/p>\n<p>La revue Science Advances d\u00e9crit des fossiles d\u00e9couverts dans les schistes de la formation Bright Angel, au c\u0153ur du canyon. Ces restes minuscules, <strong>mais<\/strong> bien conserv\u00e9s, t\u00e9moignent d\u2019une diversit\u00e9 surprenante. Ils r\u00e9v\u00e8lent des animaux aux fonctions biologiques avanc\u00e9es, capables d\u2019occuper de nombreuses niches \u00e9cologiques.<\/p>\n<p>Les <a href=\"https:\/\/dailygeekshow.com\/decouverte-dune-vie-inconnue-dans-une-substance-noire-sur-un-bateau-ce-quelle-revele-interroge-les-chercheurs\/\" rel=\"nofollow noopener\" target=\"_blank\">chercheurs<\/a> y voient un exemple frappant \u00ab\u00a0d\u2019escalade \u00e9volutive\u201d : <strong>lorsque<\/strong> les conditions sont favorables, les interactions biologiques s\u2019intensifient. Des proies vari\u00e9es, des strat\u00e9gies de chasse ing\u00e9nieuses, et des comportements alimentaires sophistiqu\u00e9s se mettent en place, <strong>port\u00e9s<\/strong> par l\u2019abondance des ressources.<\/p>\n<p><strong>Des fossiles qui r\u00e9v\u00e8lent des m\u00e9canismes alimentaires proches de ceux des esp\u00e8ces marines actuelles<\/strong><\/p>\n<p>Les <a href=\"https:\/\/dailygeekshow.com\/les-fossiles-de-coraux-marins-revelent-un-ancien-effondrement-climatique-brutal\/\" rel=\"nofollow noopener\" target=\"_blank\">fossiles<\/a> se distinguent moins par leur apparence que par leurs fonctions. <strong>Gr\u00e2ce \u00e0<\/strong> des microscopes haute d\u00e9finition, les pal\u00e9ontologues ont observ\u00e9 des structures dent\u00e9es, des appendices articul\u00e9s, et m\u00eame des traces d\u2019organes internes. Ces indices permettent de reconstruire des strat\u00e9gies alimentaires comparables \u00e0 celles d\u2019animaux marins modernes.<\/p>\n<p>Lire aussi <a href=\"https:\/\/dailygeekshow.com\/nombre-pas-jour-sante\/\" rel=\"nofollow noopener\" target=\"_blank\">Oubliez les 10 000 : voici le nombre de pas quotidiens que vous devez faire pour \u00eatre en bonne sant\u00e9<\/a><\/p>\n<p><strong>Parmi<\/strong> les d\u00e9couvertes marquantes figure Kraytdraco spectatus, un ver marin dot\u00e9 d\u2019une bouche tubulaire h\u00e9riss\u00e9e de centaines de dents microscopiques. Certaines sont en forme de peigne, d\u2019autres ramifi\u00e9es comme des plumes. <strong>Selon<\/strong> les analyses, ce priapulide combinait filtration interne et raclage du fond marin pour se nourrir.<\/p>\n<p>D\u2019autres esp\u00e8ces, comme certains crustac\u00e9s, pr\u00e9sentent des pattes munies de soies pour capturer le plancton, ainsi que des m\u00e2choires avec des molaires dent\u00e9es pour broyer la nourriture. <strong>M\u00eame<\/strong> les mollusques de l\u2019\u00e9poque utilisaient leurs radules, r\u00e2peuses et us\u00e9es par l\u2019abrasion, pour gratter les biofilms et les algues.<\/p>\n<p><strong>Une biodiversit\u00e9 ancienne qui a pos\u00e9 les bases de l\u2019\u00e9volution des formes de vie complexes<\/strong><\/p>\n<p>Ces organismes ont disparu, <strong>mais<\/strong> leur influence demeure. Les adaptations observ\u00e9es ne sont pas des anomalies : elles montrent que la complexit\u00e9 fonctionnelle existait d\u00e9j\u00e0 chez les invert\u00e9br\u00e9s du Cambrien. Cette diversit\u00e9 aurait pu pr\u00e9parer le terrain aux grandes transitions \u00e9volutives du Phan\u00e9rozo\u00efque.<\/p>\n<p>Lire aussi <a href=\"https:\/\/dailygeekshow.com\/nouvelles-saisons-changement-climatique\/\" rel=\"nofollow noopener\" target=\"_blank\">En raison du changement climatique, de nouvelles \u00ab saisons \u00bb sont en train d\u2019\u00e9merger<\/a><\/p>\n<p><strong>En investissant<\/strong> des milieux stables et riches, ces formes de vie pionni\u00e8res ont peut-\u00eatre impos\u00e9 un rythme s\u00e9lectif exigeant. Elles ont ouvert la voie \u00e0 des strat\u00e9gies \u00e9volutives de plus en plus fines. Le Grand <a href=\"https:\/\/dailygeekshow.com\/grand-canyon-meteorite\/\" rel=\"nofollow noopener\" target=\"_blank\">Canyon<\/a>, aujourd\u2019hui symbole d\u2019\u00e9rosion, devient aussi le t\u00e9moin d\u2019une autre dynamique : celle de l\u2019innovation lente, <strong>mais<\/strong> profonde, dans le silence des s\u00e9diments.<\/p>\n","protected":false},"excerpt":{"rendered":"Le Grand Canyon au lever du jour : une fresque naturelle creus\u00e9e dans les entrailles du temps \u2013&hellip;\n","protected":false},"author":2,"featured_media":294054,"comment_status":"","ping_status":"","sticky":false,"template":"","format":"standard","meta":{"footnotes":""},"categories":[7],"tags":[1011,27,43,40,41,39,42,44],"class_list":{"0":"post-294053","1":"post","2":"type-post","3":"status-publish","4":"format-standard","5":"has-post-thumbnail","7":"category-sciences-et-technologies","8":"tag-fr","9":"tag-france","10":"tag-science","11":"tag-science-and-technology","12":"tag-sciences","13":"tag-sciences-et-technologies","14":"tag-technologies","15":"tag-technology"},"share_on_mastodon":{"url":"https:\/\/pubeurope.com\/@fr\/114966107541053298","error":""},"_links":{"self":[{"href":"https:\/\/www.europesays.com\/fr\/wp-json\/wp\/v2\/posts\/294053","targetHints":{"allow":["GET"]}}],"collection":[{"href":"https:\/\/www.europesays.com\/fr\/wp-json\/wp\/v2\/posts"}],"about":[{"href":"https:\/\/www.europesays.com\/fr\/wp-json\/wp\/v2\/types\/post"}],"author":[{"embeddable":true,"href":"https:\/\/www.europesays.com\/fr\/wp-json\/wp\/v2\/users\/2"}],"replies":[{"embeddable":true,"href":"https:\/\/www.europesays.com\/fr\/wp-json\/wp\/v2\/comments?post=294053"}],"version-history":[{"count":0,"href":"https:\/\/www.europesays.com\/fr\/wp-json\/wp\/v2\/posts\/294053\/revisions"}],"wp:featuredmedia":[{"embeddable":true,"href":"https:\/\/www.europesays.com\/fr\/wp-json\/wp\/v2\/media\/294054"}],"wp:attachment":[{"href":"https:\/\/www.europesays.com\/fr\/wp-json\/wp\/v2\/media?parent=294053"}],"wp:term":[{"taxonomy":"category","embeddable":true,"href":"https:\/\/www.europesays.com\/fr\/wp-json\/wp\/v2\/categories?post=294053"},{"taxonomy":"post_tag","embeddable":true,"href":"https:\/\/www.europesays.com\/fr\/wp-json\/wp\/v2\/tags?post=294053"}],"curies":[{"name":"wp","href":"https:\/\/api.w.org\/{rel}","templated":true}]}}