{"id":294068,"date":"2025-08-03T18:01:12","date_gmt":"2025-08-03T18:01:12","guid":{"rendered":"https:\/\/www.europesays.com\/fr\/294068\/"},"modified":"2025-08-03T18:01:12","modified_gmt":"2025-08-03T18:01:12","slug":"trouver-la-piece-rare-quon-na-pas-sur-cette-ile-varoise-ils-collectionnent-les-objets-ricard-sans-moderation","status":"publish","type":"post","link":"https:\/\/www.europesays.com\/fr\/294068\/","title":{"rendered":"\u00ab\u00a0Trouver la pi\u00e8ce rare qu\u2019on n\u2019a pas\u00a0\u00bb: sur cette \u00eele varoise, ils collectionnent les objets Ricard sans mod\u00e9ration"},"content":{"rendered":"<p>\u00c0 peine huit heures du matin, et ils ont d\u00e9j\u00e0 sorti leur plus belle bouteille de Ricard. \u00ab\u00a0Je suis un des seuls au monde \u00e0 poss\u00e9der une bouteille de 1932, une des premi\u00e8res s\u00e9ries que Paul Ricard a sortie\u00a0\u00bb, raconte William Barbance. Ce collectionneur venu d\u2019Agde accumule les objets de la marque Ricard depuis trente ans. Sur le bateau qui relie le port du Brusc \u00e0 l\u2019\u00eele des Embiez, sa camionnette est pleine \u00e0 craquer. \u00ab\u00a0Je trouve tout sur Internet ou aupr\u00e8s des anciens commerciaux de la marque Ricard \u00e0 la retraite\u00a0\u00bb, explique-t-il.<\/p>\n<p>Une dizaine de fadas de la marque d\u2019ap\u00e9ritif anis\u00e9 se sont ainsi donn\u00e9 rendez-vous ce week-end, sur l\u2019\u00eele qui appartient \u00e0 la famille Ricard depuis 1958. Certains ont m\u00eame dormi sur place la veille, afin d\u2019\u00eatre pr\u00eats d\u00e8s l\u2019arriv\u00e9e des premiers visiteurs qui d\u00e9barquent par la navette maritime, \u00e0 7h30. Des milliers de produits d\u00e9riv\u00e9s de la marque aux couleurs jaune et bleu sont dispos\u00e9s sur les \u00e9tals.<\/p>\n<p>Un sweat Ricard, sinon rien<\/p>\n<p>              <img ci-src=\"https:\/\/www.varmatin.com\/insolite\/protec\/DATA_ART_16020527-4lOK2Ocz.jpg?vh=293676&amp;ci_seal=4812f83055\" alt=\"\"\/><\/p>\n<p>\u00ab\u00a0Je voulais absolument un sweat Ricard et je me suis lev\u00e9e t\u00f4t pour l\u2019acheter\u00a0\u00bb, sourit Lisa, 28 ans, en sortant un billet de 50 euros. Le bob r\u00e9versible, un classique de l\u2019\u00e9t\u00e9, est \u00e0 10 euros. Et pour faire l\u2019acquisition d\u2019un pichet blanc original des ann\u00e9es 50, il faut d\u00e9bourser entre 100 et 150 euros. Mais les prix peuvent grimper bien plus haut: \u00ab\u00a0L\u2019an dernier un pichet est parti \u00e0 3.000 euros!\u00a0\u00bb, assure un vendeur.<\/p>\n<p>Parmi les objets insolites, qui se n\u00e9gocient entre connaisseurs chevronn\u00e9s, un pichet en bois apparu dans une publicit\u00e9 t\u00e9l\u00e9vis\u00e9e, une sc\u00e8ne d\u00e9tourn\u00e9e de King Kong qui sert du champagne \u00e0 une actrice affichant sa pr\u00e9f\u00e9rence pour du Ricard. Et ce slogan devenu culte: \u00ab\u00a0Un Ricard, sinon rien.\u00a0\u00bb Le pichet musical avec une bo\u00eete \u00e0 musique int\u00e9gr\u00e9e et qui joue \u00ab\u00a0Samba Ricard\u00a0\u00bb fait aussi partie des tr\u00e9sors les plus recherch\u00e9s.<\/p>\n<p>\u00ab\u00a0Le Graal, c\u2019est le pichet tambourin\u00a0\u00bb<\/p>\n<p>              <img ci-src=\"https:\/\/www.varmatin.com\/insolite\/protec\/DATA_ART_16020524-4vpJgh4e.jpg?vh=a6ea8d&amp;ci_seal=8b0f6acb1f\" alt=\"\"\/><\/p>\n<p>\u00ab\u00a0Le cendrier avec un p\u00eacheur un peu pochetron tenant une bouteille de Ricard au bout de sa canne, on n\u2019en conna\u00eet que deux dans le monde\u00a0\u00bb, avance Philippe Floch, intarissable sur l\u2019histoire de la marque et organisateur de la journ\u00e9e des collectionneurs. \u00ab\u00a0Tous ces objets sont maintenant interdits \u00e0 la vente, sauf dans la boutique officielle \u00e0 Marseille, mais ce sont des produits r\u00e9cents\u00a0\u00bb, explique-t-il.<\/p>\n<p>Pour ces amateurs de petit jaune, \u00ab\u00a0le Graal c\u2019est le pichet tambourin d\u2019un litre\u00a0\u00bb, qui repr\u00e9sente un santon de Provence jouant du tambourin. Un objet fait main. Chaque pi\u00e8ce unique est ainsi revendue entre 3.000 et 4.000 euros, \u00e0 cause de sa raret\u00e9. \u00ab\u00a0Paul Ricard les offrait aux meilleurs commerciaux de l\u2019ann\u00e9e. Donc quand il y en a un \u00e0 vendre, c\u2019est la guerre pour l\u2019avoir!\u00a0\u00bb, raconte Jean-Claude Clerc, un Dr\u00f4mois qui a accumul\u00e9 pr\u00e8s de 2.000 produits d\u00e9riv\u00e9s de la c\u00e9l\u00e8bre boisson \u00ab\u00a0made in Marseille\u00a0\u00bb.<\/p>\n<p>Un mus\u00e9e dans la maison<\/p>\n<p>              <img ci-src=\"https:\/\/www.varmatin.com\/insolite\/protec\/DATA_ART_16020521-RsNctalb.jpg?vh=cce0b9&amp;ci_seal=a021044d07\" alt=\"\"\/><\/p>\n<p>Parmi les aficionados de la premi\u00e8re heure, David Lantheaume a carr\u00e9ment construit\u2026 un mus\u00e9e dans sa maison! \u00ab\u00a0J\u2019ai commenc\u00e9 en 2011 avec un distributeur de cure-dents. Et aujourd\u2019hui j\u2019ai 4.200 objets expos\u00e9s dans une pi\u00e8ce de huit m\u00e8tres sur douze\u00a0\u00bb, raconte le brocanteur, qui vient de faire l\u2019acquisition d\u2019un casque de \u00ab\u00a0fire girl\u00a0\u00bb port\u00e9 par les h\u00f4tesses de la marque d\u00e9guis\u00e9es en pompier et qui servaient des Ricard avec un extincteur dans le dos, entre 1995 et 2000.<\/p>\n<p>Gilles Thiriot, originaire de Verg\u00e8ze dans le Gard (une commune plut\u00f4t connue pour son eau min\u00e9rale gazeuse) a lui aussi attrap\u00e9 le \u00ab\u00a0virus\u00a0\u00bb. Une passion d\u00e9vorante. Il raconte: \u00ab\u00a0Au d\u00e9but j\u2019ai collectionn\u00e9 les verres \u00e0 ballon. Il y en avait partout dans le salon, \u00e7a a commenc\u00e9 \u00e0 gonfler\u2026 Donc j\u2019ai construit une pi\u00e8ce Ricard de 50m2 au premier \u00e9tage!\u00a0\u00bb<\/p>\n<p>\u00ab\u00a0Trouver la pi\u00e8ce rare\u00a0\u00bb<\/p>\n<p>Luc Leys est venu de Belgique avec sa femme pour exposer sa collection de verres \u00e0 ballon. Des pi\u00e8ces valant jusqu\u2019\u00e0 100 euros l\u2019unit\u00e9! Juste en face, Herv\u00e9 et Laurence partagent la m\u00eame passion. Le couple de Dijonnais profite de la journ\u00e9e pour revoir \u00ab\u00a0les copains\u00a0\u00bb: \u00ab\u00a0Pour nous, c\u2019est avant tout un plaisir de venir passer le week-end sur cette \u00eele magnifique. M\u00eame si on vient toujours dans l\u2019espoir de trouver la pi\u00e8ce rare qu\u2019on n\u2019a pas\u2026\u00a0\u00bb<\/p>\n<p>\u00ab\u00a0Moi j\u2019ai commenc\u00e9 par un plateau ap\u00e9ro et apr\u00e8s on se prend vite au jeu\u00a0\u00bb, reconna\u00eet Julien, originaire de la r\u00e9gion de Montauban. Une v\u00e9ritable addiction. Les connaisseurs, comme William Barbance, savent consommer leur petit jaune avec mod\u00e9ration: \u00ab\u00a0Bien s\u00fbr que je suis consommateur de Ricard, mais j\u2019en bois le moins possible car ma sant\u00e9 ne me le permet pas. Ma femme, elle, en boit tous les jours!\u00a0\u00bb<\/p>\n<p>              <img ci-src=\"https:\/\/www.varmatin.com\/insolite\/protec\/DATA_ART_16020518-eeNmCB9o.jpg?vh=1088f0&amp;ci_seal=e651bdc11c\" alt=\"\"\/><\/p>\n","protected":false},"excerpt":{"rendered":"\u00c0 peine huit heures du matin, et ils ont d\u00e9j\u00e0 sorti leur plus belle bouteille de Ricard. \u00ab\u00a0Je&hellip;\n","protected":false},"author":2,"featured_media":294069,"comment_status":"","ping_status":"","sticky":false,"template":"","format":"standard","meta":{"footnotes":""},"categories":[9619],"tags":[1111,11,1777,674,1011,27,1757,12,882,25,2310],"class_list":{"0":"post-294068","1":"post","2":"type-post","3":"status-publish","4":"format-standard","5":"has-post-thumbnail","7":"category-toulon","8":"tag-actu","9":"tag-actualites","10":"tag-eu","11":"tag-europe","12":"tag-fr","13":"tag-france","14":"tag-insolite","15":"tag-news","16":"tag-provence-alpes-cote-dazur","17":"tag-republique-francaise","18":"tag-toulon"},"share_on_mastodon":{"url":"https:\/\/pubeurope.com\/@fr\/114966146788158481","error":""},"_links":{"self":[{"href":"https:\/\/www.europesays.com\/fr\/wp-json\/wp\/v2\/posts\/294068","targetHints":{"allow":["GET"]}}],"collection":[{"href":"https:\/\/www.europesays.com\/fr\/wp-json\/wp\/v2\/posts"}],"about":[{"href":"https:\/\/www.europesays.com\/fr\/wp-json\/wp\/v2\/types\/post"}],"author":[{"embeddable":true,"href":"https:\/\/www.europesays.com\/fr\/wp-json\/wp\/v2\/users\/2"}],"replies":[{"embeddable":true,"href":"https:\/\/www.europesays.com\/fr\/wp-json\/wp\/v2\/comments?post=294068"}],"version-history":[{"count":0,"href":"https:\/\/www.europesays.com\/fr\/wp-json\/wp\/v2\/posts\/294068\/revisions"}],"wp:featuredmedia":[{"embeddable":true,"href":"https:\/\/www.europesays.com\/fr\/wp-json\/wp\/v2\/media\/294069"}],"wp:attachment":[{"href":"https:\/\/www.europesays.com\/fr\/wp-json\/wp\/v2\/media?parent=294068"}],"wp:term":[{"taxonomy":"category","embeddable":true,"href":"https:\/\/www.europesays.com\/fr\/wp-json\/wp\/v2\/categories?post=294068"},{"taxonomy":"post_tag","embeddable":true,"href":"https:\/\/www.europesays.com\/fr\/wp-json\/wp\/v2\/tags?post=294068"}],"curies":[{"name":"wp","href":"https:\/\/api.w.org\/{rel}","templated":true}]}}