{"id":294093,"date":"2025-08-03T18:18:13","date_gmt":"2025-08-03T18:18:13","guid":{"rendered":"https:\/\/www.europesays.com\/fr\/294093\/"},"modified":"2025-08-03T18:18:13","modified_gmt":"2025-08-03T18:18:13","slug":"jean-pierre-papin-les-girondins-ont-la-base-pour-faire-quelque-chose-de-bien","status":"publish","type":"post","link":"https:\/\/www.europesays.com\/fr\/294093\/","title":{"rendered":"Jean-Pierre Papin : \u00ab\u00a0Les Girondins ont la base pour faire quelque chose de bien\u00a0\u00bb"},"content":{"rendered":"<p><img decoding=\"async\" src=\"https:\/\/www.europesays.com\/fr\/wp-content\/uploads\/2025\/08\/671_81265b1aad06b510561b8ef587d8b45e.jpg\" alt=\"Jean-Pierre Papin : &quot;Les Girondins ont la base pour faire quelque chose de bien&quot;\" class=\"img-responsive mt-3\"\/><\/p>\n<p class=\"text-center mb-3\" style=\"font-size: 14px\">\u00a9 Iconsport<\/p>\n<p style=\"text-align: justify;\">\u00c9coutez ses propos ou lisez-les :<\/p>\n<p style=\"text-align: justify;\">\u00a0<\/p>\n<p>\u00a0<\/p>\n<p style=\"text-align: justify;\"><strong>WebGirondins : qu&rsquo;avez-vous pens\u00e9 de cette rencontre ?<\/strong><\/p>\n<p style=\"text-align: justify;\">Jean-Pierre Papin : Je n&rsquo;avais pas vu jouer le bassin depuis tr\u00e8s longtemps. Je trouve qu&rsquo;ils ont un gros effectif. Ils ont montr\u00e9 des choses tr\u00e8s int\u00e9ressantes en premi\u00e8re mi-temps. Jouer face aux Girondins c&rsquo;est un cran au-dessus, car ils ont un fonds de jeu bien meilleur.<\/p>\n<p style=\"text-align: justify;\"><strong>Avez-vous suivi la saison des Girondins en N2 et qu&rsquo;en avez-vous pens\u00e9 ?<\/strong><\/p>\n<p style=\"text-align: justify;\">Oui, je suis les championnats de National 2 et j&rsquo;ai suivi la saison des Girondins. Dommage que le club n&rsquo;ait pas pu commencer sa saison d\u00e8s le d\u00e9part, comme les autres \u00e9quipes. Il leur a fallu 3 \u00e0 4 matchs pour se mettre vraiment dans le rythme . \u00c7a ne s&rsquo;est jou\u00e9 \u00e0 pas grand-chose. Le championnat de N2 se joue en g\u00e9n\u00e9ral sur la fin. Ils sont bien revenus et sont montr\u00e9s premiers, puis la s\u00e9rie de d\u00e9faites a \u00e9t\u00e9 le d\u00e9but de la fin pour eux.<\/p>\n<p><strong>\u00ab\u00a0Il y a du potentiel offensif, d\u00e9fensivement c&rsquo;est costaud. Pour moi, ils ont un tr\u00e8s bon gardien\u00a0\u00bb<\/strong><\/p>\n<p style=\"text-align: justify;\">\u00a0<\/p>\n<p style=\"text-align: justify;\"><strong>Que pensez-vous du championnat de N2 que vous connaissez bien ?<\/strong><\/p>\n<p style=\"text-align: justify;\">C&rsquo;est un championnat qui est tr\u00e8s compliqu\u00e9, je l&rsquo;ai v\u00e9cu avec Chartres il y a 3 ans (2020-2022). On a jou\u00e9 les premiers r\u00f4les jusqu&rsquo;au bout et \u00e0 la fin, on a plong\u00e9 sur deux matchs, \u00e7a suffit \u00e0 perdre le championnat. Donc c&rsquo;est un championnat qui est tr\u00e8s tr\u00e8s compliqu\u00e9. Pour le gagner, il faut un gros effectif et il faut que tu n&rsquo;aies pas trop bless\u00e9, il faut que, m\u00eame si tu ne gagnes pas, tu ne perdes pas, ce n&rsquo;est pas simple.<\/p>\n<p style=\"text-align: justify;\"><strong>L&rsquo;effectif des Girondins a \u00e9t\u00e9 compl\u00e8tement remodel\u00e9, qu&rsquo;en pensez-vous ?<\/strong><\/p>\n<p style=\"text-align: justify;\">C&rsquo;est un peu t\u00f4t aussi pour avoir un avis d\u00e9finitif, mais il y a du potentiel offensif, d\u00e9fensivement c&rsquo;est costaud. Pour moi, ils ont un tr\u00e8s bon gardien. Il y a la base pour faire quelque chose de bien. Apr\u00e8s, comme je l&rsquo;ai dit, il faut du banc, il faut d&rsquo;autres joueurs. Il faut un peu de chance. Il fait beaucoup de choses pour monter.<\/p>\n<p style=\"text-align: justify;\"><strong>Que pensez-vous de la situation du club aujourd&rsquo;hui ?<\/strong><\/p>\n<p style=\"text-align: justify;\">C&rsquo;est dommage d&rsquo;arriver \u00e0 cette position. On se pose la question du pourquoi, mais les r\u00e9ponses on les a pas. Donc c&rsquo;est bien difficile pour moi de le commenter parce que je ne sais pas ce qu&rsquo;il se passe.<\/p>\n<p style=\"text-align: justify;\"><strong>Que faites-vous aujourd&rsquo;hui ?<\/strong><\/p>\n<p style=\"text-align: justify;\">Je ne suis plus \u00e0 Marseille et je suis rentr\u00e9 sur le Bassin o\u00f9 j&rsquo;habite. Je suis revenu ici. C&rsquo;est peut-\u00eatre l&rsquo;heure de la retraite. Je suis bien ici pour l&rsquo;instant. Je n&rsquo;ai pas de projet \u00e0 ce jour.<\/p>\n<p>\u00c0 lire aussi &gt;&gt;<a href=\"https:\/\/www.webgirondins.com\/actualite-girondins-girondins-bruno-irles-attend-plus-de-son-equipe-129931\" target=\"_blank\" rel=\"noopener\"><strong> Bruno Irl\u00e8s attend plus de son \u00e9quipe<\/strong><\/a><\/p>\n<p>\u00a0<\/p>\n<p style=\"text-align: justify;\">&gt;&gt; <strong><a href=\"https:\/\/www.webgirondins.com\/live-girondins-revivez-fcba-bordeaux-129924\" target=\"_blank\" rel=\"noopener\">Revivez FCBA-Bordeaux (0-3)<\/a><\/strong><\/p>\n<p style=\"text-align: justify;\">Notre podcast court \u00e0 \u00e9couter :<\/p>\n","protected":false},"excerpt":{"rendered":"\u00a9 Iconsport \u00c9coutez ses propos ou lisez-les : \u00a0 \u00a0 WebGirondins : qu&rsquo;avez-vous pens\u00e9 de cette rencontre ?&hellip;\n","protected":false},"author":2,"featured_media":294094,"comment_status":"","ping_status":"","sticky":false,"template":"","format":"standard","meta":{"footnotes":""},"categories":[2817],"tags":[1111,11,1020,23856,16105,12008,1997,37543,24695,1777,674,32908,4560,63,1011,3844,27,1987,13392,13878,2003,12,2219,20791,11850,471,8995,43162,25,2858],"class_list":{"0":"post-294093","1":"post","2":"type-post","3":"status-publish","4":"format-standard","5":"has-post-thumbnail","7":"category-bordeaux","8":"tag-actu","9":"tag-actualites","10":"tag-analyse","11":"tag-arcachon","12":"tag-base","13":"tag-bien","14":"tag-bordeaux","15":"tag-brousse","16":"tag-chose","17":"tag-eu","18":"tag-europe","19":"tag-exclusive","20":"tag-faire","21":"tag-football","22":"tag-fr","23":"tag-francais","24":"tag-france","25":"tag-girondins","26":"tag-jean","27":"tag-legende","28":"tag-livre","29":"tag-news","30":"tag-nouvelle-aquitaine","31":"tag-papin","32":"tag-pierre","33":"tag-pour","34":"tag-present","35":"tag-quelque","36":"tag-republique-francaise","37":"tag-stade"},"share_on_mastodon":{"url":"https:\/\/pubeurope.com\/@fr\/114966213693637560","error":""},"_links":{"self":[{"href":"https:\/\/www.europesays.com\/fr\/wp-json\/wp\/v2\/posts\/294093","targetHints":{"allow":["GET"]}}],"collection":[{"href":"https:\/\/www.europesays.com\/fr\/wp-json\/wp\/v2\/posts"}],"about":[{"href":"https:\/\/www.europesays.com\/fr\/wp-json\/wp\/v2\/types\/post"}],"author":[{"embeddable":true,"href":"https:\/\/www.europesays.com\/fr\/wp-json\/wp\/v2\/users\/2"}],"replies":[{"embeddable":true,"href":"https:\/\/www.europesays.com\/fr\/wp-json\/wp\/v2\/comments?post=294093"}],"version-history":[{"count":0,"href":"https:\/\/www.europesays.com\/fr\/wp-json\/wp\/v2\/posts\/294093\/revisions"}],"wp:featuredmedia":[{"embeddable":true,"href":"https:\/\/www.europesays.com\/fr\/wp-json\/wp\/v2\/media\/294094"}],"wp:attachment":[{"href":"https:\/\/www.europesays.com\/fr\/wp-json\/wp\/v2\/media?parent=294093"}],"wp:term":[{"taxonomy":"category","embeddable":true,"href":"https:\/\/www.europesays.com\/fr\/wp-json\/wp\/v2\/categories?post=294093"},{"taxonomy":"post_tag","embeddable":true,"href":"https:\/\/www.europesays.com\/fr\/wp-json\/wp\/v2\/tags?post=294093"}],"curies":[{"name":"wp","href":"https:\/\/api.w.org\/{rel}","templated":true}]}}