{"id":294105,"date":"2025-08-03T18:25:10","date_gmt":"2025-08-03T18:25:10","guid":{"rendered":"https:\/\/www.europesays.com\/fr\/294105\/"},"modified":"2025-08-03T18:25:10","modified_gmt":"2025-08-03T18:25:10","slug":"la-surveillance-policiere-paye-trois-dealers-interpelles-un-gilet-pare-balles-retrouve","status":"publish","type":"post","link":"https:\/\/www.europesays.com\/fr\/294105\/","title":{"rendered":"la surveillance polici\u00e8re paye, trois dealers interpell\u00e9s, un gilet pare-balles retrouv\u00e9"},"content":{"rendered":"<p itemprop=\"description\"><strong>A Bron, les forces de l&rsquo;ordre savaient qu&rsquo;un point de deal se trouvait rue Paul Pic.<\/strong><\/p>\n<p>Une surveillance \u00e9tait donc mise en place et portait rapidement ses fruits. Ce vendredi, les agents sur place remarquaient qu&rsquo;un individu semblait donner des ordres aux jeunes dealers.<\/p>\n<p>En le suivant jusqu&rsquo;\u00e0 son domicile o\u00f9 il se rendait en trottinette, ils le voyaient en ressortir avec un sac plastique bleu qu&rsquo;il donnait ensuite \u00e0 un homme et une femme qui l&rsquo;avaient rejoint en voiture.<\/p>\n<p>Les policiers d\u00e9cidaient de contr\u00f4ler le v\u00e9hicule, duquel se d\u00e9gageait une forte odeur de cannabis. Les deux occupants \u00e2g\u00e9s de 20 ans \u00e9taient interpell\u00e9s et le sac bleu contenant de l&rsquo;herbe \u00e9tait saisi.<\/p>\n<p>Forts de cette preuve, les enqu\u00eateurs d\u00e9cidaient d&rsquo;arr\u00eater leur principal suspect avec l&rsquo;appui de la BAC. Une interpellation \u00e0 laquelle ont tent\u00e9 de s&rsquo;interposer plusieurs jeunes du quartier, facilement repouss\u00e9s.<\/p>\n<p>La perquisition \u00e0 son domicile brondillant a permis la saisie d&rsquo;une arme de poing, d&rsquo;un gilet pare-balles, de 2600 euros en esp\u00e8ces et de stup\u00e9fiants. Au total, plus d&rsquo;un kilo de r\u00e9sine de cannabis et pr\u00e8s d&rsquo;1,5 kilo d&rsquo;herbe ont \u00e9t\u00e9 retrouv\u00e9s.<\/p>\n<p>Les trois complices ont \u00e9t\u00e9 plac\u00e9s en garde \u00e0 vue.<\/p>\n","protected":false},"excerpt":{"rendered":"A Bron, les forces de l&rsquo;ordre savaient qu&rsquo;un point de deal se trouvait rue Paul Pic. Une surveillance&hellip;\n","protected":false},"author":2,"featured_media":294106,"comment_status":"","ping_status":"","sticky":false,"template":"","format":"standard","meta":{"footnotes":""},"categories":[1889],"tags":[1111,11,2813,2190,2430,1109,251,1112,2811,1777,674,118,1011,27,1922,1110,1114,2428,2810,12,241,316,25,2812,517,800],"class_list":{"0":"post-294105","1":"post","2":"type-post","3":"status-publish","4":"format-standard","5":"has-post-thumbnail","7":"category-lyon","8":"tag-actu","9":"tag-actualites","10":"tag-article","11":"tag-asvel","12":"tag-auvergne-rhone-alpes","13":"tag-breves","14":"tag-culture","15":"tag-depeches","16":"tag-economique","17":"tag-eu","18":"tag-europe","19":"tag-faits-divers","20":"tag-fr","21":"tag-france","22":"tag-info","23":"tag-informations","24":"tag-infos","25":"tag-lyon","26":"tag-lyonmag","27":"tag-news","28":"tag-ol","29":"tag-politique","30":"tag-republique-francaise","31":"tag-sociale","32":"tag-sport","33":"tag-transports"},"share_on_mastodon":{"url":"https:\/\/pubeurope.com\/@fr\/114966241219427336","error":""},"_links":{"self":[{"href":"https:\/\/www.europesays.com\/fr\/wp-json\/wp\/v2\/posts\/294105","targetHints":{"allow":["GET"]}}],"collection":[{"href":"https:\/\/www.europesays.com\/fr\/wp-json\/wp\/v2\/posts"}],"about":[{"href":"https:\/\/www.europesays.com\/fr\/wp-json\/wp\/v2\/types\/post"}],"author":[{"embeddable":true,"href":"https:\/\/www.europesays.com\/fr\/wp-json\/wp\/v2\/users\/2"}],"replies":[{"embeddable":true,"href":"https:\/\/www.europesays.com\/fr\/wp-json\/wp\/v2\/comments?post=294105"}],"version-history":[{"count":0,"href":"https:\/\/www.europesays.com\/fr\/wp-json\/wp\/v2\/posts\/294105\/revisions"}],"wp:featuredmedia":[{"embeddable":true,"href":"https:\/\/www.europesays.com\/fr\/wp-json\/wp\/v2\/media\/294106"}],"wp:attachment":[{"href":"https:\/\/www.europesays.com\/fr\/wp-json\/wp\/v2\/media?parent=294105"}],"wp:term":[{"taxonomy":"category","embeddable":true,"href":"https:\/\/www.europesays.com\/fr\/wp-json\/wp\/v2\/categories?post=294105"},{"taxonomy":"post_tag","embeddable":true,"href":"https:\/\/www.europesays.com\/fr\/wp-json\/wp\/v2\/tags?post=294105"}],"curies":[{"name":"wp","href":"https:\/\/api.w.org\/{rel}","templated":true}]}}