{"id":294107,"date":"2025-08-03T18:26:16","date_gmt":"2025-08-03T18:26:16","guid":{"rendered":"https:\/\/www.europesays.com\/fr\/294107\/"},"modified":"2025-08-03T18:26:16","modified_gmt":"2025-08-03T18:26:16","slug":"metropole-de-lyon-a-3-ans-il-monte-dans-le-bus-tout-seul-et-est-retrouve-par-les-policiers-municipaux","status":"publish","type":"post","link":"https:\/\/www.europesays.com\/fr\/294107\/","title":{"rendered":"M\u00e9tropole de Lyon. \u00c0 3 ans, il monte dans le bus tout seul et est retrouv\u00e9 par les policiers municipaux"},"content":{"rendered":"<p>Dimanche matin, les ASVP (agents de surveillance de la voie publique) de Vaulx-en-Velin ont donn\u00e9 l\u2019alerte apr\u00e8s avoir constat\u00e9 la disparition d\u2019un enfant de 3 ans. Il s\u2019\u00e9tait volatilis\u00e9 dans la rue alors qu\u2019il se trouvait avec sa m\u00e8re.<\/p>\n<p>Un \u00e9quipage de renfort de la police municipale est imm\u00e9diatement intervenu et a engag\u00e9 des recherches.<\/p>\n<p>Comment et pourquoi\u00a0?<\/p>\n<p>Apr\u00e8s avoir \u00e9chang\u00e9 avec la m\u00e8re, les policiers municipaux ont retrouv\u00e9 l\u2019enfant sain et sauf dans un bus TCL, \u00e0 10 minutes du lieu de sa disparition\u00a0! On ignore pourquoi et comment il est mont\u00e9 dans ce car.<\/p>\n<p>La police municipale de Vaulx s\u2019est f\u00e9licit\u00e9e de l\u2019efficacit\u00e9, de la r\u00e9activit\u00e9 et de la parfaite coordination de ses agents qui a permis d\u2019\u00e9viter un drame.<\/p>\n","protected":false},"excerpt":{"rendered":"Dimanche matin, les ASVP (agents de surveillance de la voie publique) de Vaulx-en-Velin ont donn\u00e9 l\u2019alerte apr\u00e8s avoir&hellip;\n","protected":false},"author":2,"featured_media":294108,"comment_status":"","ping_status":"","sticky":false,"template":"","format":"standard","meta":{"footnotes":""},"categories":[1889],"tags":[1111,11,2430,3676,3152,1777,674,274,107,1011,27,2428,12,25,2429,5070,5449],"class_list":{"0":"post-294107","1":"post","2":"type-post","3":"status-publish","4":"format-standard","5":"has-post-thumbnail","7":"category-lyon","8":"tag-actu","9":"tag-actualites","10":"tag-auvergne-rhone-alpes","11":"tag-disparition-inquietante","12":"tag-edition-est-lyonnais","13":"tag-eu","14":"tag-europe","15":"tag-faits-divers-justice","16":"tag-fil-info","17":"tag-fr","18":"tag-france","19":"tag-lyon","20":"tag-news","21":"tag-republique-francaise","22":"tag-rhone","23":"tag-vaulx-en-velin","24":"tag-vaulx-ville"},"share_on_mastodon":{"url":"https:\/\/pubeurope.com\/@fr\/114966245090500012","error":""},"_links":{"self":[{"href":"https:\/\/www.europesays.com\/fr\/wp-json\/wp\/v2\/posts\/294107","targetHints":{"allow":["GET"]}}],"collection":[{"href":"https:\/\/www.europesays.com\/fr\/wp-json\/wp\/v2\/posts"}],"about":[{"href":"https:\/\/www.europesays.com\/fr\/wp-json\/wp\/v2\/types\/post"}],"author":[{"embeddable":true,"href":"https:\/\/www.europesays.com\/fr\/wp-json\/wp\/v2\/users\/2"}],"replies":[{"embeddable":true,"href":"https:\/\/www.europesays.com\/fr\/wp-json\/wp\/v2\/comments?post=294107"}],"version-history":[{"count":0,"href":"https:\/\/www.europesays.com\/fr\/wp-json\/wp\/v2\/posts\/294107\/revisions"}],"wp:featuredmedia":[{"embeddable":true,"href":"https:\/\/www.europesays.com\/fr\/wp-json\/wp\/v2\/media\/294108"}],"wp:attachment":[{"href":"https:\/\/www.europesays.com\/fr\/wp-json\/wp\/v2\/media?parent=294107"}],"wp:term":[{"taxonomy":"category","embeddable":true,"href":"https:\/\/www.europesays.com\/fr\/wp-json\/wp\/v2\/categories?post=294107"},{"taxonomy":"post_tag","embeddable":true,"href":"https:\/\/www.europesays.com\/fr\/wp-json\/wp\/v2\/tags?post=294107"}],"curies":[{"name":"wp","href":"https:\/\/api.w.org\/{rel}","templated":true}]}}