{"id":294109,"date":"2025-08-03T18:28:10","date_gmt":"2025-08-03T18:28:10","guid":{"rendered":"https:\/\/www.europesays.com\/fr\/294109\/"},"modified":"2025-08-03T18:28:10","modified_gmt":"2025-08-03T18:28:10","slug":"agressions-sexuelles-sur-des-bebes-telepherique-duel-barnier-dati-les-infos-du-week-end-en-ile-de-france","status":"publish","type":"post","link":"https:\/\/www.europesays.com\/fr\/294109\/","title":{"rendered":"Agressions sexuelles sur des b\u00e9b\u00e9s, t\u00e9l\u00e9ph\u00e9rique, duel Barnier-Dati&#8230; Les infos du week-end en \u00cele-de-France"},"content":{"rendered":"<p>            Par<br \/>\n        <strong><br \/>\n            <a href=\"https:\/\/actu.fr\/auteur\/antoine-grotteria02\" title=\"Consulter tous les articles de Antoine Grotteria\" rel=\"nofollow noopener\" target=\"_blank\">Antoine Grotteria<\/a><br \/>\n        <\/strong><\/p>\n<p>        Publi\u00e9 le<\/p>\n<p>            3 ao\u00fbt 2025 \u00e0 18h06        <\/p>\n<p>Une affaire qui se d\u00e9voile. Ce samedi 2 ao\u00fbt 2025, une <strong>infirmi\u00e8re<\/strong> a \u00e9t\u00e9 mis en examen puis plac\u00e9e sous contr\u00f4le judiciaire pour des faits <strong>d\u2019agressions sexuelles sur des nouveaux-n\u00e9s<\/strong> \u00e0 l\u2019h\u00f4pital Andr\u00e9-Gr\u00e9goire de <a href=\"https:\/\/actu.fr\/ile-de-france\/montreuil_93048\" rel=\"nofollow noopener\" target=\"_blank\">Montreuil<\/a> (<a href=\"https:\/\/actu.fr\/ile-de-france\/seine-saint-denis_93\" rel=\"nofollow noopener\" target=\"_blank\">Seine-Saint-Denis<\/a>). Son compagnon a \u00e9galement \u00e9t\u00e9 mis en examen.\u00a0<\/p>\n<p class=\" wall-content\">Il s\u2019agit de la <strong>principale information<\/strong> de ce week-end du samedi 2 et dimanche 3 ao\u00fbt 2025. Pour le reste, actu Paris fait le point.\u00a0<\/p>\n<p>Les infos marquantes du week-end \u00e0 Paris et en \u00cele-de-France<\/p>\n<p class=\" wall-content\"><strong>Seine-Saint-Denis. <\/strong><a title=\"Lire l&#039;article\" href=\"https:\/\/actu.fr\/ile-de-france\/montreuil_93048\/agressions-sexuelles-sur-des-bebes-a-montreuil-mise-en-examen-manifestation-les-nouveaux-developpements_62992596.html\" rel=\"nofollow noopener\" target=\"_blank\"><strong>Agressions sexuelles sur des b\u00e9b\u00e9s \u00e0 Montreuil : mise en examen, manifestation\u2026 Les nouveaux d\u00e9veloppements<\/strong><\/a><br \/>Une infirmi\u00e8re a \u00e9t\u00e9 mise en examen pour agressions sexuelles sur des nouveaux-n\u00e9s \u00e0 l\u2019h\u00f4pital de Montreuil. Des manifestants ont p\u00e9n\u00e9tr\u00e9 dans les locaux de l\u2019\u00e9tablissement.<\/p>\n<p class=\" wall-content\"><strong>Paris. <\/strong><a title=\"Lire l&#039;article\" href=\"https:\/\/actu.fr\/ile-de-france\/paris_75056\/legislative-partielle-a-paris-candidat-lr-michel-barnier-appelle-rachida-dati-a-l-unite_62992683.html\" rel=\"nofollow noopener\" target=\"_blank\"><strong>L\u00e9gislative partielle \u00e0 Paris : candidat LR, Michel Barnier appelle Rachida Dati \u00e0 l&rsquo;\u00a0\u00bbunit\u00e9\u00a0\u00bb<\/strong><\/a><br \/>Dans La Tribune Dimanche, l\u2019ex-chef du gouvernement a invit\u00e9 la ministre de la Culture \u00e0 renoncer \u00e0 se pr\u00e9senter \u00e0 la l\u00e9gislative partielle de la 2e circonscription de Paris.<\/p>\n<p class=\" wall-content\"><strong>Val-de-Marne. <\/strong><a title=\"Lire l&#039;article\" href=\"https:\/\/actu.fr\/ile-de-france\/limeil-brevannes_94044\/tarif-inauguration-securite-cinq-choses-a-savoir-sur-le-c1-le-premier-telepherique-d-ile-de-france_62987127.html\" rel=\"nofollow noopener\" target=\"_blank\"><strong>Tarif, inauguration, s\u00e9curit\u00e9\u2026 : cinq choses \u00e0 savoir sur le C1, le premier t\u00e9l\u00e9ph\u00e9rique d\u2019\u00cele-de-France<\/strong><\/a><br \/>\u00c0 quelques mois de l\u2019inauguration du C1, ce qu\u2019il faut savoir sur ce transport insolite qui d\u00e9barque et qui devrait accueillir 11 000 voyageurs par jour dans le Val-de-Marne.<\/p>\n<p class=\" wall-content\"><strong>Hauts-de-Seine. <\/strong><a title=\"Lire l&#039;article\" href=\"https:\/\/actu.fr\/ile-de-france\/meudon_92048\/c-est-toute-ma-jeunesse-l-abattage-d-un-sequoia-geant-tres-malade-dans-un-parc-a-meudon-suscite-l-emoi_62983076.html\" rel=\"nofollow noopener\" target=\"_blank\"><strong>\u00ab\u00a0C\u2019est toute ma jeunesse\u00a0\u00bb : l\u2019abattage d\u2019un sequoia g\u00e9ant tr\u00e8s malade dans un parc \u00e0 Meudon suscite l\u2019\u00e9moi<\/strong><\/a><br \/>\u00c0 Meudon, le grand s\u00e9quoia de l\u2019Observatoire, bien connu des habitu\u00e9s, a \u00e9t\u00e9 abattu mardi 29 juillet. Malade et fragilis\u00e9, il ne pouvait plus garantir la s\u00e9curit\u00e9 des visiteurs.<\/p>\n<p class=\" wall-content\"><strong>Essonne. <\/strong><a title=\"Lire l&#039;article\" href=\"https:\/\/actu.fr\/ile-de-france\/orsay_91471\/il-a-fallu-tout-reconstruire-en-essonne-ce-club-de-rugby-signe-son-grand-retour-en-federale-3_62972863.html\" rel=\"nofollow noopener\" target=\"_blank\"><strong>\u00ab\u2009Il a fallu tout reconstruire \u00bb : en Essonne, ce club de rugby signe son grand retour en F\u00e9d\u00e9rale 3<\/strong><\/a><br \/>Le club de rugby d\u2019Orsay jouera de nouveau en F\u00e9d\u00e9rale 3 lors de la saison 2025-2026. Explications avec Joffrey Delacour, le manager de l\u2019\u00e9quipe.<\/p>\n<p class=\" wall-content\"><strong>Seine-et-Marne. <\/strong><a title=\"Lire l&#039;article\" href=\"https:\/\/actu.fr\/ile-de-france\/provins_77379\/provins-nichee-en-ville-haute-la-maison-dhotes-le-parc-offre-une-vue-imprenable-sur-la-cite-medievale_62980227.html\" rel=\"nofollow noopener\" target=\"_blank\"><strong>Seine-et-Marne : nich\u00e9e dans un parc, cette maison d\u2019h\u00f4tes offre une vue imprenable sur un joyau du patrimoine<\/strong><\/a><br \/>\u00c0 trois minutes \u00e0 pied de la place du Ch\u00e2tel et de la Tour C\u00e9sar, la maison d\u2019h\u00f4tes Le Parc vient d\u2019ouvrir \u00e0 Provins. Elle accueille les touristes dans un parc arbor\u00e9 d\u2019un hectare.<\/p>\n<p class=\" wall-content\"><strong>Yvelines. <\/strong><a title=\"Lire l&#039;article\" href=\"https:\/\/actu.fr\/ile-de-france\/verneuil-sur-seine_78642\/disparition-inquietante-dans-les-yvelines-une-ado-de-17-ans-est-introuvable-depuis-presque-un-mois_62993180.html\" rel=\"nofollow noopener\" target=\"_blank\"><strong>Disparition inqui\u00e9tante dans les Yvelines : une ado de 17 ans est introuvable depuis presque un mois<\/strong><\/a><br \/>La jeune Fatima n\u2019a plus donn\u00e9 de nouvelles depuis le 8\u00a0juillet 2025 et son d\u00e9part de Verneuil-sur-Seine (Yvelines). La police nationale la recherche activement.<\/p>\n<p class=\" wall-content\"><strong>Val-d\u2019Oise. <\/strong><a title=\"Lire l&#039;article\" href=\"https:\/\/actu.fr\/ile-de-france\/villeron_95675\/je-faisais-1m78-pour-33kg-tombe-dans-le-coma-cet-auteur-du-val-doise-raconte-son-combat_62988777.html\" rel=\"nofollow noopener\" target=\"_blank\"><strong>\u00a0\u00bb Je faisais 1m78 pour 33kg \u00a0\u00bb : Tomb\u00e9 dans le coma, cet auteur du Val-d\u2019Oise raconte son combat<\/strong><\/a><br \/>Michael Miara publie son premier livre, o\u00f9 il d\u00e9crit son combat actuel contre la maladie, apr\u00e8s \u00eatre tomb\u00e9 dans le coma pendant plus d\u2019une semaine.<\/p>\n<p><strong>Suivez-nous po<\/strong>ur en savoir plus !<\/p>\n<p class=\" wall-content\">Paris : retrouvez actu Paris sur <a href=\"https:\/\/www.facebook.com\/actufr.paris\/\" rel=\"nofollow noopener\" target=\"_blank\">Facebook<\/a> et Twitter ;<br \/>Seine-et-Marne : retrouvez\u00a0La R\u00e9publique de Seine-et-Marne\u00a0(sud) sur\u00a0<a href=\"https:\/\/www.facebook.com\/RepubliqueSeineMarne\/\" rel=\"nofollow noopener\" target=\"_blank\">Facebook\u00a0<\/a>et\u00a0<a href=\"https:\/\/x.com\/JournalLaMarne\" rel=\"nofollow\">Twitter\u00a0<\/a>;\u00a0La Marne\u00a0(nord) sur\u00a0<a href=\"https:\/\/www.facebook.com\/RepubliqueSeineMarne\/\" rel=\"nofollow noopener\" target=\"_blank\">Facebook\u00a0<\/a>et\u00a0<a href=\"https:\/\/x.com\/JournalLaMarne\" rel=\"nofollow\">Twitter\u00a0<\/a>; et\u00a0Le Pays Briard\u00a0sur\u00a0<a href=\"https:\/\/www.facebook.com\/LePaysBriard\/?ref=bookmarks\" rel=\"nofollow noopener\" target=\"_blank\">Facebook\u00a0<\/a>et\u00a0<a href=\"https:\/\/x.com\/LePaysBriard\" rel=\"nofollow\">Twitter\u00a0<\/a>;<br \/>Yvelines : retrouvez\u00a078actu\u00a0sur\u00a0<a href=\"https:\/\/www.facebook.com\/78actu?locale=fr_FR\" rel=\"nofollow noopener\" target=\"_blank\">Facebook\u00a0<\/a>et\u00a0<a href=\"https:\/\/x.com\/78actu\" rel=\"nofollow\">Twitter\u00a0<\/a>;<br \/>Essonne : retrouvez\u00a0actu Essonne\u00a0sur\u00a0<a href=\"https:\/\/www.facebook.com\/actuessonne\/?ref=br_rs\" rel=\"nofollow noopener\" target=\"_blank\">Facebook\u00a0<\/a>et\u00a0<a href=\"https:\/\/x.com\/ActuEssonne\" rel=\"nofollow\">Twitter\u00a0<\/a>;<br \/>Hauts-de-Seine : retrouvez\u00a0actu Hauts-de-Seine\u00a0sur\u00a0<a href=\"https:\/\/www.facebook.com\/actufr.hautsdeseine\/\" rel=\"nofollow noopener\" target=\"_blank\">Facebook\u00a0<\/a>et\u00a0<a href=\"https:\/\/x.com\/actufr92\" rel=\"nofollow\">Twitter\u00a0<\/a>;<br \/>Seine-Saint-Denis : retrouvez\u00a0actu Seine-Saint-Denis\u00a0sur\u00a0<a href=\"https:\/\/www.facebook.com\/actu94.valdemarne\/\" rel=\"nofollow noopener\" target=\"_blank\">Facebook\u00a0<\/a>et\u00a0<a href=\"https:\/\/x.com\/actufr93\" rel=\"nofollow\">Twitter\u00a0<\/a>;<br \/>Val-de-Marne : retrouvez\u00a0actu Val-de-Marne\u00a0sur\u00a0<a href=\"https:\/\/www.facebook.com\/actu94.valdemarne\/\" rel=\"nofollow noopener\" target=\"_blank\">Facebook\u00a0<\/a>et\u00a0<a href=\"https:\/\/x.com\/actufr94\" rel=\"nofollow\">Twitter\u00a0<\/a>;<br \/>Val-d\u2019Oise : retrouvez\u00a0La Gazette du Val-d\u2019Oise\u00a0sur\u00a0<a href=\"https:\/\/www.facebook.com\/lagazetteduvaldoise\/\" rel=\"nofollow noopener\" target=\"_blank\">Facebook<\/a>.<\/p>\n<p class=\" wall-content\">Suivez toute l\u2019actualit\u00e9 de vos villes et m\u00e9dias favoris en vous inscrivant \u00e0 <a href=\"https:\/\/moncompte.actu.fr\" title=\"D\u00e9couvez Mon Actu\" rel=\"nofollow noopener\" data-trk=\"{&quot;cta&quot;:{&quot;action&quot;:&quot;https:\\\/\\\/moncompte.actu.fr&quot;,&quot;category&quot;:&quot;mon compte&quot;,&quot;from&quot;:&quot;article footer&quot;,&quot;name&quot;:&quot;Mon actu&quot;,&quot;type&quot;:&quot;cta&quot;}}\" target=\"_blank\">Mon Actu<\/a>.<\/p>\n","protected":false},"excerpt":{"rendered":"Par Antoine Grotteria Publi\u00e9 le 3 ao\u00fbt 2025 \u00e0 18h06 Une affaire qui se d\u00e9voile. Ce samedi 2&hellip;\n","protected":false},"author":2,"featured_media":294110,"comment_status":"","ping_status":"","sticky":false,"template":"","format":"standard","meta":{"footnotes":""},"categories":[1592],"tags":[1111,11,1777,674,1011,27,662,12,626,417,25,104,2803,799],"class_list":{"0":"post-294109","1":"post","2":"type-post","3":"status-publish","4":"format-standard","5":"has-post-thumbnail","7":"category-ile-de-france","8":"tag-actu","9":"tag-actualites","10":"tag-eu","11":"tag-europe","12":"tag-fr","13":"tag-france","14":"tag-ile-de-france","15":"tag-news","16":"tag-paris","17":"tag-rachida-dati","18":"tag-republique-francaise","19":"tag-societe","20":"tag-transport","21":"tag-violences-sexuelles"},"share_on_mastodon":{"url":"https:\/\/pubeurope.com\/@fr\/114966252990729332","error":""},"_links":{"self":[{"href":"https:\/\/www.europesays.com\/fr\/wp-json\/wp\/v2\/posts\/294109","targetHints":{"allow":["GET"]}}],"collection":[{"href":"https:\/\/www.europesays.com\/fr\/wp-json\/wp\/v2\/posts"}],"about":[{"href":"https:\/\/www.europesays.com\/fr\/wp-json\/wp\/v2\/types\/post"}],"author":[{"embeddable":true,"href":"https:\/\/www.europesays.com\/fr\/wp-json\/wp\/v2\/users\/2"}],"replies":[{"embeddable":true,"href":"https:\/\/www.europesays.com\/fr\/wp-json\/wp\/v2\/comments?post=294109"}],"version-history":[{"count":0,"href":"https:\/\/www.europesays.com\/fr\/wp-json\/wp\/v2\/posts\/294109\/revisions"}],"wp:featuredmedia":[{"embeddable":true,"href":"https:\/\/www.europesays.com\/fr\/wp-json\/wp\/v2\/media\/294110"}],"wp:attachment":[{"href":"https:\/\/www.europesays.com\/fr\/wp-json\/wp\/v2\/media?parent=294109"}],"wp:term":[{"taxonomy":"category","embeddable":true,"href":"https:\/\/www.europesays.com\/fr\/wp-json\/wp\/v2\/categories?post=294109"},{"taxonomy":"post_tag","embeddable":true,"href":"https:\/\/www.europesays.com\/fr\/wp-json\/wp\/v2\/tags?post=294109"}],"curies":[{"name":"wp","href":"https:\/\/api.w.org\/{rel}","templated":true}]}}