{"id":294119,"date":"2025-08-03T18:33:10","date_gmt":"2025-08-03T18:33:10","guid":{"rendered":"https:\/\/www.europesays.com\/fr\/294119\/"},"modified":"2025-08-03T18:33:10","modified_gmt":"2025-08-03T18:33:10","slug":"le-volcan-kracheninnikov-situe-en-russie-est-entre-en-eruption-alors-quil-etait-endormi-depuis-450-ans","status":"publish","type":"post","link":"https:\/\/www.europesays.com\/fr\/294119\/","title":{"rendered":"Le volcan Kracheninnikov, situ\u00e9 en Russie, est entr\u00e9 en \u00e9ruption alors qu&rsquo;il \u00e9tait endormi depuis 450 ans"},"content":{"rendered":"<p><img loading=\"lazy\" decoding=\"async\" src=\"https:\/\/www.europesays.com\/fr\/wp-content\/uploads\/2025\/08\/Le-volcan-Kracheninnikov-situe-en-Russie-est-entre-en-eruption-alors-qu-il-etait-endormi-depuis-450-.webp\" width=\"1200\" height=\"675\" alt=\"placeholder video\"\/><\/p>\n<p>Le volcan Kracheninnikov, situ\u00e9 sur la p\u00e9ninsule russe du Kamtchatka, est entr\u00e9 en \u00e9ruption pour la premi\u00e8re fois depuis plus de 450 ans, quelques jours apr\u00e8s le puissant s\u00e9isme qui a frapp\u00e9 cette r\u00e9gion de l&rsquo;Extr\u00eame orient russe, ont indiqu\u00e9 les autorit\u00e9s russes.\u00a0Le volcan d&rsquo;une hauteur de plus de 1.800 m\u00e8tres d\u00e9gage une colonne de cendres atteignant 6.000 m\u00e8tres, a indiqu\u00e9 sur Telegram l&rsquo;antenne locale du minist\u00e8re russe des Situations d&rsquo;urgence.<\/p>\n<p>Aujourd&rsquo;hui \u00e0 20h21 | Dur\u00e9e : 0:26<\/p>\n","protected":false},"excerpt":{"rendered":"Le volcan Kracheninnikov, situ\u00e9 sur la p\u00e9ninsule russe du Kamtchatka, est entr\u00e9 en \u00e9ruption pour la premi\u00e8re fois&hellip;\n","protected":false},"author":2,"featured_media":294120,"comment_status":"","ping_status":"","sticky":false,"template":"","format":"standard","meta":{"footnotes":""},"categories":[1591],"tags":[11,1887,12,1885,1886,132],"class_list":{"0":"post-294119","1":"post","2":"type-post","3":"status-publish","4":"format-standard","5":"has-post-thumbnail","7":"category-russie","8":"tag-actualites","9":"tag-federation-de-russie","10":"tag-news","11":"tag-russia","12":"tag-russian-federation","13":"tag-russie"},"share_on_mastodon":{"url":"https:\/\/pubeurope.com\/@fr\/114966272715053024","error":""},"_links":{"self":[{"href":"https:\/\/www.europesays.com\/fr\/wp-json\/wp\/v2\/posts\/294119","targetHints":{"allow":["GET"]}}],"collection":[{"href":"https:\/\/www.europesays.com\/fr\/wp-json\/wp\/v2\/posts"}],"about":[{"href":"https:\/\/www.europesays.com\/fr\/wp-json\/wp\/v2\/types\/post"}],"author":[{"embeddable":true,"href":"https:\/\/www.europesays.com\/fr\/wp-json\/wp\/v2\/users\/2"}],"replies":[{"embeddable":true,"href":"https:\/\/www.europesays.com\/fr\/wp-json\/wp\/v2\/comments?post=294119"}],"version-history":[{"count":0,"href":"https:\/\/www.europesays.com\/fr\/wp-json\/wp\/v2\/posts\/294119\/revisions"}],"wp:featuredmedia":[{"embeddable":true,"href":"https:\/\/www.europesays.com\/fr\/wp-json\/wp\/v2\/media\/294120"}],"wp:attachment":[{"href":"https:\/\/www.europesays.com\/fr\/wp-json\/wp\/v2\/media?parent=294119"}],"wp:term":[{"taxonomy":"category","embeddable":true,"href":"https:\/\/www.europesays.com\/fr\/wp-json\/wp\/v2\/categories?post=294119"},{"taxonomy":"post_tag","embeddable":true,"href":"https:\/\/www.europesays.com\/fr\/wp-json\/wp\/v2\/tags?post=294119"}],"curies":[{"name":"wp","href":"https:\/\/api.w.org\/{rel}","templated":true}]}}