{"id":294123,"date":"2025-08-03T18:35:11","date_gmt":"2025-08-03T18:35:11","guid":{"rendered":"https:\/\/www.europesays.com\/fr\/294123\/"},"modified":"2025-08-03T18:35:11","modified_gmt":"2025-08-03T18:35:11","slug":"taiwan-sonnee-par-la-nouvelle-salve-douaniere-de-donald-trump","status":"publish","type":"post","link":"https:\/\/www.europesays.com\/fr\/294123\/","title":{"rendered":"Ta\u00efwan sonn\u00e9e par la nouvelle salve douani\u00e8re de Donald Trump"},"content":{"rendered":"<p><strong>D\u00c9CRYPTAGE <\/strong>&#8211; Malgr\u00e9 ses efforts pour amadouer Washington, l\u2019\u00eele s\u2019est vu infliger 20\u00a0% de droits de douane sur ses exportations.<\/p>\n<p class=\"fig-paragraph\">\u00ab\u00a0Vingt pour cent de droits de douane\u00a0: depuis le d\u00e9part, cela n\u2019a jamais \u00e9t\u00e9 notre objectif\u00a0\u00bb, s\u2019\u00e9trangle\u00a0<a href=\"http:\/\/www.lefigaro.fr\/international\/elections-a-taiwan-champion-de-l-independance-william-lai-inflige-un-revers-a-la-chine-20240113\" data-fig-type=\"Article\" data-gtm-custom-categorie=\"navigation\" data-gtm-custom-action=\"crossclick\" data-gtm-custom-label=\"Contextuel\" data-gtm-event=\"customEventSPE\" data-fig-domain=\"LEFIGARO\" rel=\"nofollow noopener\" target=\"_blank\">le pr\u00e9sident ta\u00efwanais Lai Ching-te<\/a>\u00a0lors d\u2019une conf\u00e9rence de presse ce vendredi 1er\u00a0ao\u00fbt. Le matin m\u00eame, le pays s\u2019est r\u00e9veill\u00e9 en apprenant que les \u00c9tats-Unis\u00a0<a href=\"http:\/\/www.lefigaro.fr\/conjoncture\/dossier\/droits-de-douane-americains-notre-dossier-pour-tout-comprendre\" data-fig-type=\"Topic\" data-gtm-custom-categorie=\"navigation\" data-gtm-custom-action=\"crossclick\" data-gtm-custom-label=\"Contextuel\" data-gtm-event=\"customEventSPE\" data-fig-domain=\"LEFIGARO\" rel=\"nofollow noopener\" target=\"_blank\">lui imposaient 20\u00a0% de tarifs douaniers sur ses produits export\u00e9s<\/a>. Si le pr\u00e9sident mart\u00e8le que ce chiffre est provisoire et que les n\u00e9gociations vont se poursuivre, la d\u00e9ception est grande\u00a0: les pays voisins &#8211; le Japon et la Cor\u00e9e du Sud &#8211; ont conclu un accord commercial pour un taux de 15\u00a0%, qui laissait pr\u00e9sager le m\u00eame sort pour Ta\u00efwan. Mais au-del\u00e0 des tarifs r\u00e9ciproques, les n\u00e9gociations en cours avec les \u00c9tats-Unis portent \u00e9galement sur un point qui pourrait avoir un impact encore plus grave\u00a0: la possibilit\u00e9 de droits de douane sur l\u2019industrie des semi-conducteurs, jusque-l\u00e0 \u00e9pargn\u00e9e par la guerre commerciale.<\/p>\n<p class=\"fig-paragraph\">Donald Trump a, en effet, lanc\u00e9 en avril une enqu\u00eate de s\u00e9curit\u00e9 nationale sur les semi-conducteurs\u2026<\/p>\n<p class=\"fig-premium-paywall__infos\">\n        Cet article est r\u00e9serv\u00e9 aux abonn\u00e9s.        Il vous reste 81% \u00e0 d\u00e9couvrir.\n    <\/p>\n<p>                <img  data- alt=\"Le Figaro\" class=\"fig-img--complete fig-img\"\/><\/p>\n<p class=\"fig-premium-paywall__title\">Vous avez envie de lire la suite ?<\/p>\n<p class=\"fig-premium-paywall__subtitle\">D\u00e9bloquez tous les articles imm\u00e9diatement.<\/p>\n<p class=\"fig-premium-paywall__connect\">\n                D\u00e9j\u00e0 abonn\u00e9\u00a0?                <a class=\"fig-premium-paywall__connect-link\" href=\"https:\/\/connect.lefigaro.fr\/login?client=horizon_web&amp;type=main&amp;redirect_uri=https%3A%2F%2Fwww.lefigaro.fr%2Fconjoncture%2Fqu-est-ce-que-nous-allons-acheter-aux-etats-unis-taiwan-sonnee-par-la-nouvelle-salve-douaniere-de-donald-trump-20250803\" data-js-gtm=\"{&quot;customCategorie&quot;: &quot;conversion&quot;, &quot;customAction&quot;: &quot;before_Landing_Connexion_paywall_auto&quot;, &quot;customLabel&quot;: &quot;bGVmaWdhcm8uZnJfXzFmMDcwNDdjLWQyY2ItNmJiNC1hNTQ2LTIzYTljM2YxNjdlNV9fQXJ0aWNsZQ==_\u00abQu\u2019est-ce que nous allons acheter aux \u00c9tats-Unis\u00a0?\u00bb: Ta\u00efwan sonn\u00e9e par la nouvelle salve douani\u00e8re de Donald Trump_90&quot;, &quot;customIDSPE&quot;: &quot;bGVmaWdhcm8uZnJfXzFmMDcwNDdjLWQyY2ItNmJiNC1hNTQ2LTIzYTljM2YxNjdlNV9fQXJ0aWNsZQ==&quot;, &quot;event&quot;: &quot;customEventSPE&quot;}\" rel=\"nofollow noopener\" target=\"_blank\"><br \/>\n                    Connectez-vous<br \/>\n                <\/a>\n            <\/p>\n","protected":false},"excerpt":{"rendered":"D\u00c9CRYPTAGE &#8211; Malgr\u00e9 ses efforts pour amadouer Washington, l\u2019\u00eele s\u2019est vu infliger 20\u00a0% de droits de douane sur&hellip;\n","protected":false},"author":2,"featured_media":294124,"comment_status":"","ping_status":"","sticky":false,"template":"","format":"standard","meta":{"footnotes":""},"categories":[1589],"tags":[11,75,73,1866,12,22053,1864,1865,1863,308],"class_list":{"0":"post-294123","1":"post","2":"type-post","3":"status-publish","4":"format-standard","5":"has-post-thumbnail","7":"category-etats-unis","8":"tag-actualites","9":"tag-donald-trump","10":"tag-etats-unis","11":"tag-etats-unis-damerique","12":"tag-news","13":"tag-taiwan","14":"tag-united-states","15":"tag-united-states-of-america","16":"tag-us","17":"tag-usa"},"share_on_mastodon":{"url":"https:\/\/pubeurope.com\/@fr\/114966280578926758","error":""},"_links":{"self":[{"href":"https:\/\/www.europesays.com\/fr\/wp-json\/wp\/v2\/posts\/294123","targetHints":{"allow":["GET"]}}],"collection":[{"href":"https:\/\/www.europesays.com\/fr\/wp-json\/wp\/v2\/posts"}],"about":[{"href":"https:\/\/www.europesays.com\/fr\/wp-json\/wp\/v2\/types\/post"}],"author":[{"embeddable":true,"href":"https:\/\/www.europesays.com\/fr\/wp-json\/wp\/v2\/users\/2"}],"replies":[{"embeddable":true,"href":"https:\/\/www.europesays.com\/fr\/wp-json\/wp\/v2\/comments?post=294123"}],"version-history":[{"count":0,"href":"https:\/\/www.europesays.com\/fr\/wp-json\/wp\/v2\/posts\/294123\/revisions"}],"wp:featuredmedia":[{"embeddable":true,"href":"https:\/\/www.europesays.com\/fr\/wp-json\/wp\/v2\/media\/294124"}],"wp:attachment":[{"href":"https:\/\/www.europesays.com\/fr\/wp-json\/wp\/v2\/media?parent=294123"}],"wp:term":[{"taxonomy":"category","embeddable":true,"href":"https:\/\/www.europesays.com\/fr\/wp-json\/wp\/v2\/categories?post=294123"},{"taxonomy":"post_tag","embeddable":true,"href":"https:\/\/www.europesays.com\/fr\/wp-json\/wp\/v2\/tags?post=294123"}],"curies":[{"name":"wp","href":"https:\/\/api.w.org\/{rel}","templated":true}]}}