{"id":294125,"date":"2025-08-03T18:36:43","date_gmt":"2025-08-03T18:36:43","guid":{"rendered":"https:\/\/www.europesays.com\/fr\/294125\/"},"modified":"2025-08-03T18:36:43","modified_gmt":"2025-08-03T18:36:43","slug":"la-tempete-floris-sapprete-a-frapper-le-royaume-uni-des-rafales-attendues-dans-le-nord-de-la-france","status":"publish","type":"post","link":"https:\/\/www.europesays.com\/fr\/294125\/","title":{"rendered":"La temp\u00eate Floris s&rsquo;appr\u00eate \u00e0 frapper le Royaume-Uni, des rafales attendues dans le nord de la France"},"content":{"rendered":"<ul class=\"jsx-862013697 ArticleChapo__List\">\n<li class=\"jsx-862013697 ArticleChapo__List_Item flex\">La temp\u00eate Floris doit toucher terre ce lundi 4 ao\u00fbt au Royaume-Uni, et plus particuli\u00e8rement en \u00c9cosse.<\/li>\n<li class=\"jsx-862013697 ArticleChapo__List_Item flex\">Plusieurs r\u00e9gions ont \u00e9t\u00e9 plac\u00e9es en alerte orange.<\/li>\n<li class=\"jsx-862013697 ArticleChapo__List_Item flex\">Dans le nord de la France, le vent devrait souffler, mais beaucoup moins fort.<\/li>\n<\/ul>\n<p data-module=\"article-paragraph\" class=\"jsx-3046738180 Paragraph\">Une temp\u00eate en plein c\u0153ur du mois d&rsquo;ao\u00fbt. Le Royaume-Uni s&rsquo;appr\u00eate \u00e0 \u00eatre touch\u00e9 ce lundi 4 ao\u00fbt par la temp\u00eate Floris. Le service m\u00e9t\u00e9orologique britannique a plac\u00e9 une partie du nord du royaume en orange. \u00ab\u00a0Des rafales de 80 \u00e0 110 km\/h sont attendues dans de nombreuses r\u00e9gions, et pourraient atteindre localement 130 \u00e0 145 km\/h\u00a0\u00bb, pr\u00e9vient-il <a href=\"https:\/\/weather.metoffice.gov.uk\/warnings-and-advice\/uk-warnings?utm_source=dlvr.it&amp;utm_medium=twitter#?date=2025-08-04&amp;id=214f8a7e-dcaf-43cf-85ce-131e6b9d79bb&amp;referrer=rss\" target=\"_blank\" rel=\"nofollow noopener\">sur son site (nouvelle fen\u00eatre)<\/a>.<\/p>\n<p data-module=\"article-paragraph\" class=\"jsx-3046738180 Paragraph Paragraph__End\">Les rafales les plus fortes devraient intervenir \u00e0 la mi-journ\u00e9e. Les vents \u00ab\u00a0exceptionnellement forts\u00a0\u00bb sont surtout attendus sur l&rsquo;\u00c9cosse, pr\u00e9cise la <a href=\"https:\/\/www.bbc.com\/news\/articles\/c4gq3n049jno\" target=\"_blank\" rel=\"noopener\">BBC (nouvelle fen\u00eatre)<\/a>. Les personnes \u00e0 proximit\u00e9 des c\u00f4tes sont invit\u00e9es \u00e0 \u00ab\u00a0rester en s\u00e9curit\u00e9 en \u00e9tant attentives aux fortes vagues\u00a0\u00bb, tandis que tous les habitants doivent \u00ab\u00a0rester \u00e0 l&rsquo;int\u00e9rieur autant que possible\u00a0\u00bb. Des \u00ab\u00a0coupures de courant\u00a0\u00bb ne sont pas exclues.<\/p>\n<p><a href=\"https:\/\/www.tf1info.fr\/meteo\/bulletin-meteo-france-apres-la-grisaille-l-ete-redemarre-et-il-va-faire-tres-chaud-voici-les-previsions-meteo-des-prochains-jours-2386592.html\" rel=\"noopener\" class=\"jsx-3308031228 Link flex\" target=\"_blank\"><img decoding=\"async\" src=\"https:\/\/www.europesays.com\/fr\/wp-content\/uploads\/2025\/08\/soleil-printemps-papillon-meteo-83d214-0@1x.jpeg\" alt=\"iStock\" loading=\"lazy\" importance=\"low\" fetchpriority=\"low\" class=\"\" aria-hidden=\"true\"\/><\/p>\n<p class=\"jsx-3657663356 ReadMoreArticle__Title\">Lire aussi<\/p>\n<p class=\"jsx-3657663356\">Apr\u00e8s la grisaille, l&rsquo;\u00e9t\u00e9 red\u00e9marre et il va faire (tr\u00e8s) chaud : voici les pr\u00e9visions m\u00e9t\u00e9o des prochains jours<\/p>\n<p><\/a><\/p>\n<p data-module=\"article-paragraph\" class=\"jsx-3046738180 Paragraph Paragraph__End\">Si la temp\u00eate Floris est attendue au Royaume-Uni, le vent devrait \u00e9galement souffler dans l&rsquo;Hexagone. Et notamment dans le nord du pays. Ce lundi, \u00ab\u00a0le vent de sud-ouest sera encore sensible sur le littoral de Manche avec des rafales entre 50\/60 km\/h, et jusqu&rsquo;\u00e0 70 km\/h sur la c\u00f4te d&rsquo;Opale\u00a0\u00bb, pr\u00e9vient ainsi M\u00e9t\u00e9o-France dans son bulletin ce dimanche.<\/p>\n<p>I.N<\/p>\n","protected":false},"excerpt":{"rendered":"La temp\u00eate Floris doit toucher terre ce lundi 4 ao\u00fbt au Royaume-Uni, et plus particuli\u00e8rement en \u00c9cosse. Plusieurs&hellip;\n","protected":false},"author":2,"featured_media":294126,"comment_status":"","ping_status":"","sticky":false,"template":"","format":"standard","meta":{"footnotes":""},"categories":[1588],"tags":[1111,11,1921,6609,1777,674,1922,3059,12,11008,2119,473,1853,1851,1850,1852,133,11009],"class_list":{"0":"post-294125","1":"post","2":"type-post","3":"status-publish","4":"format-standard","5":"has-post-thumbnail","7":"category-royaume-uni","8":"tag-actu","9":"tag-actualites","10":"tag-article-video","11":"tag-ecosse","12":"tag-eu","13":"tag-europe","14":"tag-info","15":"tag-intemperies","16":"tag-news","17":"tag-phenomenes-meteo","18":"tag-previsions-meteo","19":"tag-royaume-uni","20":"tag-royaume-uni-de-grande-bretagne-et-dirlande-du-nord","21":"tag-uk","22":"tag-united-kingdom","23":"tag-united-kingdom-of-great-britain-and-northern-ireland","24":"tag-video","25":"tag-video-meteo-et-intemperies"},"share_on_mastodon":{"url":"https:\/\/pubeurope.com\/@fr\/114966284710720450","error":""},"_links":{"self":[{"href":"https:\/\/www.europesays.com\/fr\/wp-json\/wp\/v2\/posts\/294125","targetHints":{"allow":["GET"]}}],"collection":[{"href":"https:\/\/www.europesays.com\/fr\/wp-json\/wp\/v2\/posts"}],"about":[{"href":"https:\/\/www.europesays.com\/fr\/wp-json\/wp\/v2\/types\/post"}],"author":[{"embeddable":true,"href":"https:\/\/www.europesays.com\/fr\/wp-json\/wp\/v2\/users\/2"}],"replies":[{"embeddable":true,"href":"https:\/\/www.europesays.com\/fr\/wp-json\/wp\/v2\/comments?post=294125"}],"version-history":[{"count":0,"href":"https:\/\/www.europesays.com\/fr\/wp-json\/wp\/v2\/posts\/294125\/revisions"}],"wp:featuredmedia":[{"embeddable":true,"href":"https:\/\/www.europesays.com\/fr\/wp-json\/wp\/v2\/media\/294126"}],"wp:attachment":[{"href":"https:\/\/www.europesays.com\/fr\/wp-json\/wp\/v2\/media?parent=294125"}],"wp:term":[{"taxonomy":"category","embeddable":true,"href":"https:\/\/www.europesays.com\/fr\/wp-json\/wp\/v2\/categories?post=294125"},{"taxonomy":"post_tag","embeddable":true,"href":"https:\/\/www.europesays.com\/fr\/wp-json\/wp\/v2\/tags?post=294125"}],"curies":[{"name":"wp","href":"https:\/\/api.w.org\/{rel}","templated":true}]}}