{"id":29413,"date":"2025-04-16T14:45:08","date_gmt":"2025-04-16T14:45:08","guid":{"rendered":"https:\/\/www.europesays.com\/fr\/29413\/"},"modified":"2025-04-16T14:45:08","modified_gmt":"2025-04-16T14:45:08","slug":"huit-clubs-en-coupe-deurope-la-saison-prochaine-grace-a-lol","status":"publish","type":"post","link":"https:\/\/www.europesays.com\/fr\/29413\/","title":{"rendered":"Huit clubs en coupe d\u2019Europe la saison prochaine gr\u00e2ce \u00e0 l\u2019OL\u00a0?"},"content":{"rendered":"<p>                            <img width=\"770\" height=\"433\" src=\"https:\/\/www.europesays.com\/fr\/wp-content\/uploads\/2025\/04\/Capture-decran-2025-03-06-200317-e1741288717703-770x433.jpg\" class=\"attachment-article size-article wp-post-image\" alt=\"Les joueurs de l'OL c\u00e9l\u00e9brant un but contre le FCSB\" decoding=\"async\" fetchpriority=\"high\"  \/><\/p>\n<p>Les joueurs de l\u2019OL c\u00e9l\u00e9brant un but contre le FCSB (@UEFA)<\/p>\n<p>Lors de son quart de finale retour face \u00e0 Manchester United ce jeudi (21 heures), l\u2019OL aura \u00e9galement l\u2019avenir europ\u00e9en d\u2019un autre club fran\u00e7ais entre ses mains.<\/p>\n<p>Alors que la <strong>Premier League<\/strong> s\u2019est vu attribuer une nouvelle place en coupe d\u2019Europe la saison prochaine, la Ligue 1 pourrait bien conna\u00eetre le m\u00eame sort. En effet, un sc\u00e9nario bien pr\u00e9cis pourrait ajouter une place qualificative la saison prochaine. Et cela d\u00e9pend de l\u2019<strong>OL<\/strong>. Alors que les hommes de <strong>Paulo Fonseca<\/strong> auront leur qualification en demi-finale de C3 dans le viseur ce jeudi, ils pourraient par ailleurs permettre \u00e0 un huiti\u00e8me club de Ligue 1 d\u2019\u00eatre en coupe d\u2019Europe la saison prochaine s\u2019ils vont au bout de la comp\u00e9tition.<\/p>\n<p>Mais, pour cela, il faudrait que l\u2019OL ne soit qualifi\u00e9 pour aucune comp\u00e9tition europ\u00e9enne via le championnat \u00e0 la fin de saison. La <strong>France<\/strong> aurait alors cinq clubs en Ligue des champions (quatre en phase de ligue et un au troisi\u00e8me tour de qualification). Deux \u00e9quipes qualifi\u00e9es directement en Ligue Europa et une en play-off de Ligue Conf\u00e9rence viendraient alors s\u2019ajouter \u00e0 ces cinq clubs.<\/p>\n<p>La France peut aussi perdre une place europ\u00e9enne en cas de sacre de l\u2019OL<\/p>\n<p>\u00c0 l\u2019inverse, si les Rhodaniens remportent la C3 et parviennent \u00e0 rester dans les sept \u00e9quipes de t\u00eate du championnat, alors une place en <strong>Ligue Europa<\/strong> ou en Ligue conf\u00e9rence pourrait dispara\u00eetre selon leur classement. Tout cela \u00e0 condition que le <strong>PSG<\/strong> remporte la Coupe de France. La situation resterait inchang\u00e9e dans un seul cas. Si l\u2019OL est dans le top 4 en fin de saison en championnat et gagne la C3. Nouvelle \u00e9tape de ce p\u00e9riple\u00a0: <strong><a href=\"https:\/\/www.olympique-et-lyonnais.com\/a-manchester-lol-va-devoir-faire-dejouer-les-statistiques,358723.html\" target=\"_blank\" rel=\"noopener\">Old Trafford<\/a><\/strong> ce jeudi face \u00e0 <strong>Manchester United <\/strong>(21 heures).<\/p>\n<p>\t\t\t\t\t<a href=\"https:\/\/www.olympique-et-lyonnais.com\/ruben-amorim-manchester-united-onana-jouera-face-a-lol,359201.html\" title=\"Ruben Amorim (Manchester United)\u00a0: &quot;Onana jouera&quot; face \u00e0 l\u2019OL\" target=\"_blank\" rel=\"noopener\"><img loading=\"lazy\" width=\"580\" height=\"326\" src=\"https:\/\/www.europesays.com\/fr\/wp-content\/uploads\/2025\/04\/afp_en_a8ce3a3825ca0f3b44a225847e51056388017066-580x326.jpg\" class=\"attachment-actularge size-actularge wp-post-image\" alt=\"Andr\u00e9 Onana, gardien de Manchester United\" decoding=\"async\"  \/>\t\t\t\t\t<\/a><\/p>\n","protected":false},"excerpt":{"rendered":"Les joueurs de l\u2019OL c\u00e9l\u00e9brant un but contre le FCSB (@UEFA) Lors de son quart de finale retour&hellip;\n","protected":false},"author":2,"featured_media":29414,"comment_status":"","ping_status":"","sticky":false,"template":"","format":"standard","meta":{"footnotes":""},"categories":[1586],"tags":[11,1777,674,1011,27,66,5843,12,241,978,25],"class_list":{"0":"post-29413","1":"post","2":"type-post","3":"status-publish","4":"format-standard","5":"has-post-thumbnail","7":"category-europe","8":"tag-actualites","9":"tag-eu","10":"tag-europe","11":"tag-fr","12":"tag-france","13":"tag-ligue-1","14":"tag-ligue-europa","15":"tag-news","16":"tag-ol","17":"tag-olympique-lyonnais","18":"tag-republique-francaise"},"share_on_mastodon":{"url":"https:\/\/pubeurope.com\/@fr\/114348184271804681","error":""},"_links":{"self":[{"href":"https:\/\/www.europesays.com\/fr\/wp-json\/wp\/v2\/posts\/29413","targetHints":{"allow":["GET"]}}],"collection":[{"href":"https:\/\/www.europesays.com\/fr\/wp-json\/wp\/v2\/posts"}],"about":[{"href":"https:\/\/www.europesays.com\/fr\/wp-json\/wp\/v2\/types\/post"}],"author":[{"embeddable":true,"href":"https:\/\/www.europesays.com\/fr\/wp-json\/wp\/v2\/users\/2"}],"replies":[{"embeddable":true,"href":"https:\/\/www.europesays.com\/fr\/wp-json\/wp\/v2\/comments?post=29413"}],"version-history":[{"count":0,"href":"https:\/\/www.europesays.com\/fr\/wp-json\/wp\/v2\/posts\/29413\/revisions"}],"wp:featuredmedia":[{"embeddable":true,"href":"https:\/\/www.europesays.com\/fr\/wp-json\/wp\/v2\/media\/29414"}],"wp:attachment":[{"href":"https:\/\/www.europesays.com\/fr\/wp-json\/wp\/v2\/media?parent=29413"}],"wp:term":[{"taxonomy":"category","embeddable":true,"href":"https:\/\/www.europesays.com\/fr\/wp-json\/wp\/v2\/categories?post=29413"},{"taxonomy":"post_tag","embeddable":true,"href":"https:\/\/www.europesays.com\/fr\/wp-json\/wp\/v2\/tags?post=29413"}],"curies":[{"name":"wp","href":"https:\/\/api.w.org\/{rel}","templated":true}]}}