{"id":294131,"date":"2025-08-03T18:39:21","date_gmt":"2025-08-03T18:39:21","guid":{"rendered":"https:\/\/www.europesays.com\/fr\/294131\/"},"modified":"2025-08-03T18:39:21","modified_gmt":"2025-08-03T18:39:21","slug":"lue-entame-un-virage-pro-business-en-revoyant-a-la-baisse-les-exigences-sur-les-normes-environnementales","status":"publish","type":"post","link":"https:\/\/www.europesays.com\/fr\/294131\/","title":{"rendered":"L&rsquo;UE entame un virage pro business en revoyant \u00e0 la baisse les exigences sur les normes environnementales"},"content":{"rendered":"<p class=\"PopSlotParagraph qg-tx2 qg-xtra-lh svelte-1r0pyek\">En pleine actualit\u00e9 sur la guerre entre Isra\u00ebl et l&rsquo;Iran, la d\u00e9cision par le Conseil de l&rsquo;Union europ\u00e9enne, lundi 23 juin, de baisser les exigences concernant les entreprises sur leur \u00ab\u00a0<a href=\"https:\/\/www.franceinfo.fr\/economie\/entreprises\/qu-est-ce-que-le-devoir-de-vigilance-des-entreprises-cette-directive-europeenne-qu-emmanuel-macron-a-defendu-et-veut-desormais-enterrer_7261419.html\" target=\"_blank\" rel=\"noopener nofollow\" class=\"\" data-testid=\"link\">devoir de vigilance<\/a>\u00a0\u00bb et sur les normes ESG est pass\u00e9e inaper\u00e7ue. D\u00e9sormais, pour les d\u00e9clarations ESG, seules seront concern\u00e9es les soci\u00e9t\u00e9s de plus de 1\u00a0000\u00a0salari\u00e9s qui d\u00e9gagent au moins 450\u00a0millions d&rsquo;euros de chiffre d&rsquo;affaires. Cela fait sortir des radars 85% des entreprises initialement touch\u00e9es. Certains points restent \u00e0 confirmer, comme le nombre d&rsquo;indicateurs \u00e0 publier par l&rsquo;entreprise pour \u00eatre en conformit\u00e9. Le Parlement europ\u00e9en doit trancher \u00e0 l&rsquo;automne.<\/p>\n<p class=\"PopSlotParagraph qg-tx2 qg-xtra-lh svelte-1r0pyek\">**&gt;&gt;<a href=\"https:\/\/www.franceinfo.fr\/monde\/europe\/union-europeenne\/les-dirigeants-des-vingt-sept-donnent-leur-feu-vert-au-plan-de-la-commission-europeenne-pour-muscler-la-defense-de-l-ue_7114293.html\" target=\"_blank\" rel=\"noopener nofollow\" class=\"\" data-testid=\"link\"><strong><strong>Les dirigeants des Vingt-Sept donnent leur feu vert au plan de la Commission europ\u00e9enne pour muscler la d\u00e9fense de l&rsquo;UE<\/strong><\/strong><\/a><\/p>\n<p class=\"PopSlotParagraph qg-tx2 qg-xtra-lh svelte-1r0pyek\">**Pour rappel, les crit\u00e8res ESG permettent d&rsquo;\u00e9valuer la prise en compte du d\u00e9veloppement durable et social dans les strat\u00e9gies de long terme des entreprises. Il s&rsquo;agit en r\u00e9alit\u00e9 de mesurer la performance non financi\u00e8re des soci\u00e9t\u00e9s, cot\u00e9es ou non \u00e0 la bourse. Quant au \u00ab\u00a0devoir de vigilance\u00a0\u00bb, c&rsquo;est la mani\u00e8re dont l&rsquo;entreprise g\u00e8re et communique sur les risques auxquels elle est confront\u00e9e. Il s&rsquo;agit d&rsquo;une batterie de normes contraignantes cens\u00e9es pousser \u00e0 la transparence de la gestion.<\/p>\n<p> Une r\u00e9ponse au rapport Draghi<\/p>\n<p class=\"PopSlotParagraph qg-tx2 qg-xtra-lh svelte-1r0pyek\">L&rsquo;Union europ\u00e9enne d\u00e9cide d&rsquo;all\u00e9ger ainsi les normes qu&rsquo;elle avait elle-m\u00eame introduites dans la gestion des entreprises. C&rsquo;est clairement un virage pro business pour l&rsquo;Europe, prise \u00e0 la gorge par la perte de comp\u00e9titivit\u00e9 de son industrie. Le contexte se montre en effet de plus en plus tendu sur la sc\u00e8ne internationale, face aux \u00c9tats-Unis et la Chine. C&rsquo;est aussi une r\u00e9ponse au fameux rapport Draghi, qui\u00a0explique comment le poids de la r\u00e9glementation \u2013 notamment environnementale \u2013 repr\u00e9sente un vrai mur contre-productif pour l&rsquo;industrie europ\u00e9enne.<\/p>\n<p class=\"PopSlotParagraph qg-tx2 qg-xtra-lh svelte-1r0pyek\">Il s&rsquo;agit donc de d\u00e9r\u00e9glementation de la part des instances europ\u00e9ennes. Au grand dam des ONG dont certaines d\u00e9noncent \u00ab\u00a0l&rsquo;absence d&rsquo;analyse rationnelle\u00a0\u00bb\u00a0de Bruxelles et une fuite en avant au d\u00e9triment de l&rsquo;ambition climatique. Cet all\u00e8gement des normes a \u00e9t\u00e9 obtenu par la pr\u00e9sidence polonaise du Conseil de l&rsquo;Union europ\u00e9enne avant que le Danemark ne prenne le relais \u00e0 partir du 1er juillet prochain. Le sujet ne manquera pas d&rsquo;animer les prochaines sessions du Parlement europ\u00e9en.<\/p>\n","protected":false},"excerpt":{"rendered":"En pleine actualit\u00e9 sur la guerre entre Isra\u00ebl et l&rsquo;Iran, la d\u00e9cision par le Conseil de l&rsquo;Union europ\u00e9enne,&hellip;\n","protected":false},"author":2,"featured_media":294132,"comment_status":"","ping_status":"","sticky":false,"template":"","format":"standard","meta":{"footnotes":""},"categories":[1586],"tags":[11,1777,674,1779,1011,27,12,25,1778,364],"class_list":{"0":"post-294131","1":"post","2":"type-post","3":"status-publish","4":"format-standard","5":"has-post-thumbnail","7":"category-europe","8":"tag-actualites","9":"tag-eu","10":"tag-europe","11":"tag-european-union","12":"tag-fr","13":"tag-france","14":"tag-news","15":"tag-republique-francaise","16":"tag-ue","17":"tag-union-europeenne"},"share_on_mastodon":{"url":"https:\/\/pubeurope.com\/@fr\/114966296311669599","error":""},"_links":{"self":[{"href":"https:\/\/www.europesays.com\/fr\/wp-json\/wp\/v2\/posts\/294131","targetHints":{"allow":["GET"]}}],"collection":[{"href":"https:\/\/www.europesays.com\/fr\/wp-json\/wp\/v2\/posts"}],"about":[{"href":"https:\/\/www.europesays.com\/fr\/wp-json\/wp\/v2\/types\/post"}],"author":[{"embeddable":true,"href":"https:\/\/www.europesays.com\/fr\/wp-json\/wp\/v2\/users\/2"}],"replies":[{"embeddable":true,"href":"https:\/\/www.europesays.com\/fr\/wp-json\/wp\/v2\/comments?post=294131"}],"version-history":[{"count":0,"href":"https:\/\/www.europesays.com\/fr\/wp-json\/wp\/v2\/posts\/294131\/revisions"}],"wp:featuredmedia":[{"embeddable":true,"href":"https:\/\/www.europesays.com\/fr\/wp-json\/wp\/v2\/media\/294132"}],"wp:attachment":[{"href":"https:\/\/www.europesays.com\/fr\/wp-json\/wp\/v2\/media?parent=294131"}],"wp:term":[{"taxonomy":"category","embeddable":true,"href":"https:\/\/www.europesays.com\/fr\/wp-json\/wp\/v2\/categories?post=294131"},{"taxonomy":"post_tag","embeddable":true,"href":"https:\/\/www.europesays.com\/fr\/wp-json\/wp\/v2\/tags?post=294131"}],"curies":[{"name":"wp","href":"https:\/\/api.w.org\/{rel}","templated":true}]}}