{"id":294139,"date":"2025-08-03T18:43:10","date_gmt":"2025-08-03T18:43:10","guid":{"rendered":"https:\/\/www.europesays.com\/fr\/294139\/"},"modified":"2025-08-03T18:43:10","modified_gmt":"2025-08-03T18:43:10","slug":"julien-quesne-echoue-a-une-longueur-du-vainqueur-daniel-young-maxence-giboudot-aussi-dans-le-top-10-lequipe","status":"publish","type":"post","link":"https:\/\/www.europesays.com\/fr\/294139\/","title":{"rendered":"Julien Quesne \u00e9choue \u00e0 une longueur du vainqueur Daniel Young, Maxence Giboudot aussi dans le top 10 &#8211; L&#039;\u00c9quipe"},"content":{"rendered":"<ol>\n<li><a href=\"https:\/\/news.google.com\/rss\/articles\/CBMi3wFBVV95cUxPWmRuVFVjLUM5T3Q5TUhTUXhqRUk2MFg0czM3TVJfY1gxSWZrakhHWjFiWEpuSzJ4aUwteF9NMnNQVWZNek42MklNaW9CdWR3aUpNM09xOW9KWmNLdEVsVVFGRk5ndnZKR3ZIdllPVlEzLVlhMDh4SmVQYWh5MnFmTlNZMndNYXpYTjlVaHh4WU80a1gzZjFRamQwYzg2SkpYU1hzVDJpZFlNWV9OS3YyQS1oak5JOElvS2VYck5XSjFqZWRkMUlWLWZSdkhZekh4YlBnS1ZnNllNWXNvRUNj?oc=5\" target=\"_blank\" rel=\"nofollow noopener\">Julien Quesne \u00e9choue \u00e0 une longueur du vainqueur Daniel Young, Maxence Giboudot aussi dans le top 10<\/a>&nbsp;&nbsp;L&rsquo;\u00c9quipe<\/li>\n<li><a href=\"https:\/\/news.google.com\/rss\/articles\/CBMikgJBVV95cUxNWmRwRk40Q1RCN1l5R3V2Y2VRQUlpVmxvd1NjNHptcGctT3NudHlnSzBsUllTRlk0Z2tvbzNjQU9zSUFyaVhSUTVscUM1clpHSVJVdF9vZDNCMThwdTRXQXJiRGl6b0haTTNLMXNNNUQ0YUZQLU42RXpkdzIyNlFuQUpRdE80UkszbkxJMThmdmIyVnFFV24zMzliVmV4S294VmtDNU53NmZvNHVlRlNlanYwRFQtS1RWQ0tDQXVQT2JrREZZVWt5dWh5OE9XcTVVcjJZaDBfcTF5cG5fbEthMmppYnZtaG10VTdkeS1Vdl9YT2NQTHNGN1NrR3pZMnNHTFpZNVFOUlhNcmFZN0xkNDFR?oc=5\" target=\"_blank\" rel=\"nofollow noopener\">Golf. HotelPlanner Tour &#8211; Scottish Challenge : Daniel Young avec un coup d\u2019avance sur Julien Quesne<\/a>&nbsp;&nbsp;Ouest-France<\/li>\n<li><a href=\"https:\/\/news.google.com\/rss\/articles\/CBMipwFBVV95cUxPc1M4QmlES0xxUjVtZzM0UFBHYTR1elJyT1EtZU9SNGdpS1duSVprZTR0VFNJOC1Pc0ZrTFJ6eWZUZGRCQld2R25JR1dFeVAtMDRaVk82ckpHUy1OME02ZkNsTnNnZ2JTdVUtRlJjZXpDX2J6X2JHVUQtanFhREtkZVFlZ05seXhTS2JQLWJiWkhmRUlkTm84bWVleExLakFEZFdfNmd3bw?oc=5\" target=\"_blank\" rel=\"nofollow noopener\">Maxence Giboudot et Julien Quesne aux portes du top 10 en Ecosse<\/a>&nbsp;&nbsp;Golf Plan\u00e8te<\/li>\n<li><a href=\"https:\/\/news.google.com\/rss\/articles\/CBMiowFBVV95cUxPVWlBVFNXV3pGTFdod1JWS2tVeHMwSmN0TGN2blFGSmIwcFVNcFJGdVh1N0N1SmxVV3hGYllyekx6ai1Wa2VVLUxuSHI5VlRDMTlIYW9rSC12RnlmWE13VVB6S2wtb1lPWGI0bi1BbXVEYTZRYkJzMkJ4Q09wVUhqZkRyejNNNjB3MWxLTDRVUVBzMTBNRGh0ek5wX3ZncV9PMWg0?oc=5\" target=\"_blank\" rel=\"nofollow noopener\">Golf professionnel : Julien Quesne en derni\u00e8re partie<\/a>&nbsp;&nbsp;F\u00e9d\u00e9ration fran\u00e7aise de golf (ffgolf)<\/li>\n<li><a href=\"https:\/\/news.google.com\/rss\/articles\/CBMi8gFBVV95cUxNbl9iMDM1OXJCdnl2b0RGOWZ4b0E2VEVSM2c1VjRTNHdXaExKSExVQU40emZmLVJsdWRaSmRKOHQtcnpjR0pBRmg1T09mMEd3S0RFSC14bDJLVnp5WllYaml2VElpMmstM1o3emxNMFdiNDFtLVNSUldKYVRJelhLVTF1cmV2X3Z3RXpfejV4aHRXY1N6ck9CdjFpaDlEWjJvTUdaSzlBLVNfYVJnYVRuNVRvXzFHb2JxM1pNY1Z0UkFTWTlWOWJNR0hCVjlJLVVyb09OQ0JreG1mWDRBMlRfbHZFT2tTakRNTlFBbC1aTElZUQ?oc=5\" target=\"_blank\" rel=\"nofollow noopener\">Challenge Tour &#8211; James Meyer de Beco grimpe au 3e tour en Ecosse apr\u00e8s le 3e tour<\/a>&nbsp;&nbsp;La Libre.be<\/li>\n<\/ol>\n","protected":false},"excerpt":{"rendered":"Julien Quesne \u00e9choue \u00e0 une longueur du vainqueur Daniel Young, Maxence Giboudot aussi dans le top 10&nbsp;&nbsp;L&rsquo;\u00c9quipe Golf.&hellip;\n","protected":false},"author":2,"featured_media":294140,"comment_status":"","ping_status":"","sticky":false,"template":"","format":"standard","meta":{"footnotes":""},"categories":[1418],"tags":[1011,27,1472,60],"class_list":{"0":"post-294139","1":"post","2":"type-post","3":"status-publish","4":"format-standard","5":"has-post-thumbnail","7":"category-golf","8":"tag-fr","9":"tag-france","10":"tag-golf","11":"tag-sports"},"share_on_mastodon":{"url":"https:\/\/pubeurope.com\/@fr\/114966311925229096","error":""},"_links":{"self":[{"href":"https:\/\/www.europesays.com\/fr\/wp-json\/wp\/v2\/posts\/294139","targetHints":{"allow":["GET"]}}],"collection":[{"href":"https:\/\/www.europesays.com\/fr\/wp-json\/wp\/v2\/posts"}],"about":[{"href":"https:\/\/www.europesays.com\/fr\/wp-json\/wp\/v2\/types\/post"}],"author":[{"embeddable":true,"href":"https:\/\/www.europesays.com\/fr\/wp-json\/wp\/v2\/users\/2"}],"replies":[{"embeddable":true,"href":"https:\/\/www.europesays.com\/fr\/wp-json\/wp\/v2\/comments?post=294139"}],"version-history":[{"count":0,"href":"https:\/\/www.europesays.com\/fr\/wp-json\/wp\/v2\/posts\/294139\/revisions"}],"wp:featuredmedia":[{"embeddable":true,"href":"https:\/\/www.europesays.com\/fr\/wp-json\/wp\/v2\/media\/294140"}],"wp:attachment":[{"href":"https:\/\/www.europesays.com\/fr\/wp-json\/wp\/v2\/media?parent=294139"}],"wp:term":[{"taxonomy":"category","embeddable":true,"href":"https:\/\/www.europesays.com\/fr\/wp-json\/wp\/v2\/categories?post=294139"},{"taxonomy":"post_tag","embeddable":true,"href":"https:\/\/www.europesays.com\/fr\/wp-json\/wp\/v2\/tags?post=294139"}],"curies":[{"name":"wp","href":"https:\/\/api.w.org\/{rel}","templated":true}]}}