{"id":294154,"date":"2025-08-03T18:53:31","date_gmt":"2025-08-03T18:53:31","guid":{"rendered":"https:\/\/www.europesays.com\/fr\/294154\/"},"modified":"2025-08-03T18:53:31","modified_gmt":"2025-08-03T18:53:31","slug":"video-architecture-visionnaire-confort-modernite-les-secrets-des-gratte-ciel-ce-quartier-imagine-a-la-verticale","status":"publish","type":"post","link":"https:\/\/www.europesays.com\/fr\/294154\/","title":{"rendered":"VID\u00c9O &#8211; Architecture visionnaire, confort, modernit\u00e9\u00a0: les secrets des Gratte-ciel, ce quartier imagin\u00e9 \u00e0 la verticale"},"content":{"rendered":"<p>\u00c0 Villeurbanne, le quartier des Gratte-ciel s\u2019\u00e9l\u00e8ve en v\u00e9ritable symbole d&rsquo;audace architecturale et d\u2019histoire sociale. V\u00e9ritable laboratoire urbain des ann\u00e9es 30, ce quartier \u00e9tonnant d\u00e9voile, au fil de ses hautes tours et de ses avenues anim\u00e9es, un pan m\u00e9connu de la modernit\u00e9 fran\u00e7aise.<\/p>\n<p>Villeurbanne. Pour beaucoup, le nom \u00e9voque aujourd\u2019hui une banlieue dynamique de Lyon, mais qui imagine qu\u2019elle fut, il y a un si\u00e8cle \u00e0 peine, le th\u00e9\u00e2tre d\u2019un bouleversement urbain\u00a0? Dans les ann\u00e9es 1920, la ville, autrefois rurale, accueille une population ouvri\u00e8re en forte augmentation. Sous l\u2019impulsion de Lazare Goujon, maire visionnaire, l\u2019id\u00e9e d\u2019un nouveau centre-ville \u00e9merge\u00a0: il sera vertical et moderne, \u00e0 l\u2019image des grandes m\u00e9tropoles am\u00e9ricaines.<\/p>\n<p><img loading=\"lazy\" decoding=\"async\" class=\"VisualPreview svelte-1rldrkz\" src=\"data:image\/jpeg;base64,\/9j\/2wBDACgcHiMeGSgjISMtKygwPGRBPDc3PHtYXUlkkYCZlo+AjIqgtObDoKrarYqMyP\/L2u71\/\/\/\/m8H\/\/\/\/6\/+b9\/\/j\/2wBDASstLTw1PHZBQXb4pYyl+Pj4+Pj4+Pj4+Pj4+Pj4+Pj4+Pj4+Pj4+Pj4+Pj4+Pj4+Pj4+Pj4+Pj4+Pj4+Pj4+Pj\/wAARCAAVACoDASIAAhEBAxEB\/8QAFwABAQEBAAAAAAAAAAAAAAAAAAIDAf\/EABgQAQEBAQEAAAAAAAAAAAAAAAABEQIS\/8QAFAEBAAAAAAAAAAAAAAAAAAAAAP\/EABQRAQAAAAAAAAAAAAAAAAAAAAD\/2gAMAwEAAhEDEQA\/ANJVysJVzoG2lrP0XoFWp1F6c9AzlXKAO6WgCLXNAH\/\/2Q==\" alt=\"Les tours iconiques des Gratte-ciel\" width=\"600\" height=\"302\"\/>  Les tours iconiques des Gratte-ciel \u00a9 France T\u00e9l\u00e9visions Un projet architectural d\u2019avant-garde entre 1927 et 1934<\/p>\n<p>Charlotte Saint-Jean, responsable de la valorisation du patrimoine au Rize, retrace la gen\u00e8se de ce quartier embl\u00e9matique. Entre 1927 et 1933, deux architectes rel\u00e8vent en un temps record le d\u00e9fi de b\u00e2tir en seulement quatre ans plus de 1\u202f300 logements, un h\u00f4tel de ville, le Palais du Travail, des commerces et une avenue centrale, Henri-Barbusse. Une prouesse rendue possible par l\u2019utilisation de poutrelles m\u00e9talliques, offrant \u00e0 Villeurbanne un visage moderne et fonctionnel, o\u00f9 chaque b\u00e2timent est pens\u00e9 pour le bien-\u00eatre de ses habitants.<\/p>\n<p><a href=\"https:\/\/www.youtube.com\/watch?v=2mql7YrtGMQ\" target=\"_blank\" rel=\"noopener noreferrer nofollow\" class=\"Youtube svelte-15adm43\" style=\"background-image: url(https:\/\/i.ytimg.com\/vi\/2mql7YrtGMQ\/sddefault.jpg);\"><\/p>\n<p>Les gratte-ciel de Villeurbanne : une architecture visionnaire<\/p>\n<p> <\/a> Vivre dans les Gratte-ciel\u00a0: un confort in\u00e9dit dans les ann\u00e9es 30<\/p>\n<p>Si l\u2019architecture ext\u00e9rieure s\u00e9duit par ses lignes verticales et ses r\u00e9f\u00e9rences \u00e0 l\u2019Art d\u00e9co, l\u2019int\u00e9rieur surprend par un niveau de confort alors in\u00e9dit\u00a0: eau courante, chauffage central, \u00e9lectricit\u00e9, cuisine au gaz ou \u00e0 l\u2019\u00e9lectricit\u00e9. Les logements sont con\u00e7us pour offrir un maximum de modernit\u00e9 \u00e0 la population ouvri\u00e8re, dans une organisation pens\u00e9e pour faciliter la vie collective gr\u00e2ce aux \u00e9quipements publics, lieux de r\u00e9union et de loisirs.<\/p>\n<p><img loading=\"lazy\" decoding=\"async\" class=\"VisualPreview svelte-1rldrkz\" src=\"data:image\/jpeg;base64,\/9j\/2wBDACgcHiMeGSgjISMtKygwPGRBPDc3PHtYXUlkkYCZlo+AjIqgtObDoKrarYqMyP\/L2u71\/\/\/\/m8H\/\/\/\/6\/+b9\/\/j\/2wBDASstLTw1PHZBQXb4pYyl+Pj4+Pj4+Pj4+Pj4+Pj4+Pj4+Pj4+Pj4+Pj4+Pj4+Pj4+Pj4+Pj4+Pj4+Pj4+Pj4+Pj\/wAARCAAUACoDASIAAhEBAxEB\/8QAFwAAAwEAAAAAAAAAAAAAAAAAAAEDAv\/EABYQAQEBAAAAAAAAAAAAAAAAAAABEf\/EABcBAQEBAQAAAAAAAAAAAAAAAAABAgP\/xAAVEQEBAAAAAAAAAAAAAAAAAAAAEf\/aAAwDAQACEQMRAD8AhKpKjK3Kw6KaVrOjSBmzp6ohG4AIYAAGAD\/\/2Q==\" alt=\"L\u2019appartement-t\u00e9moin des ann\u00e9es 30 d\u00e9voile le confort et l\u2019art d\u00e9co d\u2019\u00e9poque\" width=\"600\" height=\"298\"\/>  L\u2019appartement-t\u00e9moin des ann\u00e9es 30 d\u00e9voile le confort et l\u2019art d\u00e9co d\u2019\u00e9poque \u00a9 France T\u00e9l\u00e9visions <\/p>\n<p>V\u00e9ritable centre n\u00e9vralgique, le Palais du Travail concentre presque tout\u00a0: piscine, dispensaires, th\u00e9\u00e2tre, salles de r\u00e9union, brasserie. Un condens\u00e9 de services pour le corps, l\u2019esprit et la vie sociale. Aux abords, commerces et logements dynamisent l\u2019avenue centrale, offrant \u00e0 Villeurbanne un vrai c\u0153ur urbain.<\/p>\n<p><img loading=\"lazy\" decoding=\"async\" class=\"VisualPreview svelte-1rldrkz\" src=\"data:image\/jpeg;base64,\/9j\/2wBDACgcHiMeGSgjISMtKygwPGRBPDc3PHtYXUlkkYCZlo+AjIqgtObDoKrarYqMyP\/L2u71\/\/\/\/m8H\/\/\/\/6\/+b9\/\/j\/2wBDASstLTw1PHZBQXb4pYyl+Pj4+Pj4+Pj4+Pj4+Pj4+Pj4+Pj4+Pj4+Pj4+Pj4+Pj4+Pj4+Pj4+Pj4+Pj4+Pj4+Pj\/wAARCAAVACoDASIAAhEBAxEB\/8QAFwABAQEBAAAAAAAAAAAAAAAAAgABA\/\/EABgQAQEBAQEAAAAAAAAAAAAAAAARARIC\/8QAFQEBAQAAAAAAAAAAAAAAAAAAAAL\/xAAVEQEBAAAAAAAAAAAAAAAAAAAAEf\/aAAwDAQACEQMRAD8AdVDdZ0qph1Vz6bSkOsrGlIHoN1JKmUsSA8OJA\/\/Z\" alt=\"Vue du 14\u00e8me \u00e9tage\" width=\"600\" height=\"300\"\/>  Vue du 14\u00e8me \u00e9tage \u00a9 France T\u00e9l\u00e9visions Un patrimoine vivant, toujours en mouvement<\/p>\n<p>Aujourd\u2019hui, le quartier des Gratte-ciel reste habit\u00e9 et vivant, fort de ses quelque 1\u202f300 logements sociaux g\u00e9r\u00e9s par la Soci\u00e9t\u00e9 Villeurbannaise d\u2019Urbanisme. Depuis 1993, il est prot\u00e9g\u00e9 pour sa valeur patrimoniale exceptionnelle, et le centre-ville poursuit son extension dans l\u2019esprit du projet initial. Depuis le sommet du 14e \u00e9tage de ses tours jumelles, c\u2019est tout le panorama urbain qui s\u2019offre aux visiteurs.<\/p>\n<p> Une plong\u00e9e dans l\u2019histoire et la modernit\u00e9<\/p>\n<p>Pour s\u2019immerger dans l\u2019ambiance des ann\u00e9es 30, rendez-vous dans l\u2019appartement-t\u00e9moin de la gardienne, o\u00f9 l\u2019on d\u00e9couvre la modernit\u00e9 et le confort d\u2019\u00e9poque, entre vitraux art d\u00e9co et solutions d\u2019avant-garde. Jusqu\u2019au 30 septembre 2025, une exposition remontre toute l\u2019\u00e9pop\u00e9e des Gratte-ciel au Rize. Une invitation \u00e0 red\u00e9couvrir une page audacieuse de l\u2019histoire urbaine fran\u00e7aise.<\/p>\n<p><strong>Reportage Focus Odile Morain\/Luc Jambrin de France 3 Toutes R\u00e9gions<\/strong><\/p>\n","protected":false},"excerpt":{"rendered":"\u00c0 Villeurbanne, le quartier des Gratte-ciel s\u2019\u00e9l\u00e8ve en v\u00e9ritable symbole d&rsquo;audace architecturale et d\u2019histoire sociale. V\u00e9ritable laboratoire urbain&hellip;\n","protected":false},"author":2,"featured_media":294155,"comment_status":"","ping_status":"","sticky":false,"template":"","format":"standard","meta":{"footnotes":""},"categories":[1358],"tags":[1348,1384,1385,1386,58,59,1011,27],"class_list":{"0":"post-294154","1":"post","2":"type-post","3":"status-publish","4":"format-standard","5":"has-post-thumbnail","7":"category-arts-et-design","8":"tag-arts","9":"tag-arts-and-design","10":"tag-arts-et-design","11":"tag-design","12":"tag-divertissement","13":"tag-entertainment","14":"tag-fr","15":"tag-france"},"share_on_mastodon":{"url":"https:\/\/pubeurope.com\/@fr\/114966351305206205","error":""},"_links":{"self":[{"href":"https:\/\/www.europesays.com\/fr\/wp-json\/wp\/v2\/posts\/294154","targetHints":{"allow":["GET"]}}],"collection":[{"href":"https:\/\/www.europesays.com\/fr\/wp-json\/wp\/v2\/posts"}],"about":[{"href":"https:\/\/www.europesays.com\/fr\/wp-json\/wp\/v2\/types\/post"}],"author":[{"embeddable":true,"href":"https:\/\/www.europesays.com\/fr\/wp-json\/wp\/v2\/users\/2"}],"replies":[{"embeddable":true,"href":"https:\/\/www.europesays.com\/fr\/wp-json\/wp\/v2\/comments?post=294154"}],"version-history":[{"count":0,"href":"https:\/\/www.europesays.com\/fr\/wp-json\/wp\/v2\/posts\/294154\/revisions"}],"wp:featuredmedia":[{"embeddable":true,"href":"https:\/\/www.europesays.com\/fr\/wp-json\/wp\/v2\/media\/294155"}],"wp:attachment":[{"href":"https:\/\/www.europesays.com\/fr\/wp-json\/wp\/v2\/media?parent=294154"}],"wp:term":[{"taxonomy":"category","embeddable":true,"href":"https:\/\/www.europesays.com\/fr\/wp-json\/wp\/v2\/categories?post=294154"},{"taxonomy":"post_tag","embeddable":true,"href":"https:\/\/www.europesays.com\/fr\/wp-json\/wp\/v2\/tags?post=294154"}],"curies":[{"name":"wp","href":"https:\/\/api.w.org\/{rel}","templated":true}]}}