{"id":294156,"date":"2025-08-03T18:54:22","date_gmt":"2025-08-03T18:54:22","guid":{"rendered":"https:\/\/www.europesays.com\/fr\/294156\/"},"modified":"2025-08-03T18:54:22","modified_gmt":"2025-08-03T18:54:22","slug":"paris-le-livre-jeunesse-danna-laviedenseignante","status":"publish","type":"post","link":"https:\/\/www.europesays.com\/fr\/294156\/","title":{"rendered":"PARIS : Le livre jeunesse d&rsquo;Anna @laviedenseignante"},"content":{"rendered":"<p><strong>Anna, l\u2019enseignante connue pour ses le\u00e7ons en chanson, publie son premier livre jeunesse aux \u00e9ditions Eyrolles.<\/strong><\/p>\n<p>Anna, enseignante et cr\u00e9atrice du compte Instagram @laviedenseignante, est reconnue pour ses le\u00e7ons en chanson. Elle publiera son premier livre jeunesse pour les enfants \u00e0 partir de 8 ans aux \u00e9ditions Eyrolles. Intitul\u00e9 \u2018Les mondes d\u2019Ely\u2019, ce roman illustr\u00e9 sera disponible en librairie le\u00a0<strong>19 juin 2025<\/strong>\u00a0et propose de mettre la joie au c\u0153ur de l\u2019apprentissage.<\/p>\n<p><strong>Un voyage initiatique pour les jeunes lecteurs<\/strong><\/p>\n<p>Ce roman illustr\u00e9 est un v\u00e9ritable voyage initiatique qui invite les enfants \u00e0 explorer leurs propres capacit\u00e9s, \u00e0 se faire confiance et \u00e0 d\u00e9dramatiser leurs erreurs. \u00c0 travers l\u2019histoire d\u2019Ely, une petite fille attachante et rebelle, les apprentissages deviennent ludiques et vivants. Les jeunes lecteurs apprendront \u00e0 utiliser Pi, \u00e0 ne plus jamais oublier les majuscules et \u00e0 m\u00e9moriser n\u2019importe quelle le\u00e7on sans m\u00eame s\u2019en rendre compte. C\u2019est ainsi qu\u2019Ely, accompagn\u00e9e de son acolyte, d\u00e9veloppe ses comp\u00e9tences cognitives et son sens de la logique, dans la joie !<\/p>\n<p><strong>Un ouvrage enrichi de chansons interactives<\/strong><\/p>\n<p>L\u2019ouvrage est enrichi de chansons, accessibles par des QR codes interactifs. Encore une mani\u00e8re de plonger dans cet univers enchanteur et subtilement p\u00e9dagogique.<\/p>\n<p><strong>\u00c0 propos de l\u2019auteure et de l\u2019illustrateur<\/strong><\/p>\n<p>Anna est l\u2019enseignante que l\u2019on aurait tous aim\u00e9 avoir \u00e0 l\u2019\u00e9cole \u00e9l\u00e9mentaire : passionn\u00e9e et passionnante. Elle s\u2019est fait conna\u00eetre sur les r\u00e9seaux \u00e0 travers son approche p\u00e9dagogique novatrice sur son compte \u00e0 succ\u00e8s @Laviedenseignante, qui met la joie au c\u0153ur des apprentissages. M\u00e9moriser en chanson est l\u2019un de ses axes d\u2019apprentissage en classe.<\/p>\n<p>Adriel Attias est un artiste peintre autodidacte qui se consacre au dessin depuis sa plus jeune enfance.<\/p>\n","protected":false},"excerpt":{"rendered":"Anna, l\u2019enseignante connue pour ses le\u00e7ons en chanson, publie son premier livre jeunesse aux \u00e9ditions Eyrolles. Anna, enseignante&hellip;\n","protected":false},"author":2,"featured_media":294157,"comment_status":"","ping_status":"","sticky":false,"template":"","format":"standard","meta":{"footnotes":""},"categories":[1357],"tags":[1379,58,59,1011,27,1380],"class_list":{"0":"post-294156","1":"post","2":"type-post","3":"status-publish","4":"format-standard","5":"has-post-thumbnail","7":"category-livres","8":"tag-books","9":"tag-divertissement","10":"tag-entertainment","11":"tag-fr","12":"tag-france","13":"tag-livres"},"share_on_mastodon":{"url":"https:\/\/pubeurope.com\/@fr\/114966355263383271","error":""},"_links":{"self":[{"href":"https:\/\/www.europesays.com\/fr\/wp-json\/wp\/v2\/posts\/294156","targetHints":{"allow":["GET"]}}],"collection":[{"href":"https:\/\/www.europesays.com\/fr\/wp-json\/wp\/v2\/posts"}],"about":[{"href":"https:\/\/www.europesays.com\/fr\/wp-json\/wp\/v2\/types\/post"}],"author":[{"embeddable":true,"href":"https:\/\/www.europesays.com\/fr\/wp-json\/wp\/v2\/users\/2"}],"replies":[{"embeddable":true,"href":"https:\/\/www.europesays.com\/fr\/wp-json\/wp\/v2\/comments?post=294156"}],"version-history":[{"count":0,"href":"https:\/\/www.europesays.com\/fr\/wp-json\/wp\/v2\/posts\/294156\/revisions"}],"wp:featuredmedia":[{"embeddable":true,"href":"https:\/\/www.europesays.com\/fr\/wp-json\/wp\/v2\/media\/294157"}],"wp:attachment":[{"href":"https:\/\/www.europesays.com\/fr\/wp-json\/wp\/v2\/media?parent=294156"}],"wp:term":[{"taxonomy":"category","embeddable":true,"href":"https:\/\/www.europesays.com\/fr\/wp-json\/wp\/v2\/categories?post=294156"},{"taxonomy":"post_tag","embeddable":true,"href":"https:\/\/www.europesays.com\/fr\/wp-json\/wp\/v2\/tags?post=294156"}],"curies":[{"name":"wp","href":"https:\/\/api.w.org\/{rel}","templated":true}]}}