{"id":294158,"date":"2025-08-03T18:55:11","date_gmt":"2025-08-03T18:55:11","guid":{"rendered":"https:\/\/www.europesays.com\/fr\/294158\/"},"modified":"2025-08-03T18:55:11","modified_gmt":"2025-08-03T18:55:11","slug":"girls-de-lena-dunham-les-cinq-meilleurs-episodes-selon-telerama-telerama","status":"publish","type":"post","link":"https:\/\/www.europesays.com\/fr\/294158\/","title":{"rendered":"\u201cGirls\u201d, de Lena Dunham : les cinq meilleurs \u00e9pisodes selon \u201cT\u00e9l\u00e9rama\u201d &#8211; T\u00e9l\u00e9rama"},"content":{"rendered":"<ol>\n<li><a href=\"https:\/\/news.google.com\/rss\/articles\/CBMirgFBVV95cUxObG9ReXJsdzQ0cXAwTTJCSFZXZjA2NFdBR1BXZ290QXROZm9URE0wRjcxVWM4bm5TQWltNl9hX2VyNXo3RUpOSVJZUGI4dnhjX2hhdVRGTW9MZkNWVlgwcmlNSzFpaGNRUWFvN19RN1hTU3hYT2UwNUpjekpCUGRGNWVDcGdsbXpvZ083a2NzVjJRU0FMdDE5TFpTaUFiU1JsRkEzaUlUakVmYi1rWWc?oc=5\" target=\"_blank\" rel=\"nofollow noopener\">\u201cGirls\u201d, de Lena Dunham : les cinq meilleurs \u00e9pisodes selon \u201cT\u00e9l\u00e9rama\u201d<\/a>&nbsp;&nbsp;T\u00e9l\u00e9rama<\/li>\n<li><a href=\"https:\/\/news.google.com\/rss\/articles\/CBMi7wFBVV95cUxNQU1pSGY0cUJKdlloMWp3akFteWpZOGlLLWtoRVQzX19ldkZjN3J2TlQ4ZzVhdzR4cHRKUG01alJOSmZuMy1zdUU0Z1lNVVliRTNHVTM4aU51OS1BY0t5RHdtT3NKTFA3ZzB6WmRKY05mejNybXQ1S1pPQm93b3U3V09MRFNOYTBPSGdkcG9hVHo0a2ZWRHM2bTgzMFN2T2NOZTNObjBfNWhZOHVNblhxUjBPOGxTZlZ5R1JyNFROWFlvNlAxMVhHekJXX3ZZSlNmY1EwZUt4bUdLRUpfYl9RSC1ZU1BTYTBZXzRqQXJfNA?oc=5\" target=\"_blank\" rel=\"nofollow noopener\">\u201cGirls\u201d, saison 6 : c\u2019est fini, et jusqu\u2019au bout, Hannah aura lutt\u00e9 contre les injonctions normatives de la soci\u00e9t\u00e9<\/a>&nbsp;&nbsp;T\u00e9l\u00e9rama<\/li>\n<li><a href=\"https:\/\/news.google.com\/rss\/articles\/CBMixwFBVV95cUxPMHdzOXdrNk04ZzlYVlF4bnBJMFJGaFlDTEdyZVQwMlFlbzU4QVNlam9idEpFYjZRWFlCWEpfdTVUS1Q2MmNlZ2dmbVVTUmtzeDhDazV2dkRGN2hxR1o3Y2llRl9oOGNfcnAzNGY2aTdSSUV1ZHVJYWNvcVVVcld0aEdhSXhpeHplRDlQTkpxZjBkX3F2cEZ5b0pIbkhYREkwZ1dBMGpCLWFsXzNQWjZqQTBvblFhNWwycnRpV1hkbEVqaXg0ZUpJ?oc=5\" target=\"_blank\" rel=\"nofollow noopener\">\u201cGirls\u201d, saison 2 : les amies de Lena Dunham sont toujours paum\u00e9es, mais avec talent<\/a>&nbsp;&nbsp;T\u00e9l\u00e9rama<\/li>\n<li><a href=\"https:\/\/news.google.com\/rss\/articles\/CBMizgFBVV95cUxNeU1sX3dYM3dJSXBQVnBhaUQ1Sk43dWF5cmdzZmNjU3BLOXZhQVphVzVfeFFBZ2ZLWk9URnl0YzRNOWdBMGw5YUh0X0JzUWtZdG1weFpxUnVyQXZKaElUajMySE9kY2h5SVMyNm5NRkpVTUY5eUZ3TVJ0bDVtb1lsYnFyMUtIN3pyWXI3TDNpdWFpVmZSejJrVkR1R1doOGdoRF9YS2lVZU5lZDdzRnU1X1VEdThMYzlvcDE5bUcta3ZOZFlDcjBQeG4xRGt6QQ?oc=5\" target=\"_blank\" rel=\"nofollow noopener\">\u201cGirls\u201d, saison 4 : Lena Dunham, sans renoncer \u00e0 sa \u201cvoix\u201d, atteindrait-elle l\u2019\u00e2ge de raison ?<\/a>&nbsp;&nbsp;T\u00e9l\u00e9rama<\/li>\n<li><a href=\"https:\/\/news.google.com\/rss\/articles\/CBMiqgFBVV95cUxPdExTbGg4ZnctR2NEdGZvOTZtYjZFTGNxNDVEeWJyVy1fUUxEODFtcHJXYlJVRVN0UGt1QzVOX24xWDJLb0lVYTNZVkhnaURzQnRaUm0ydmd3R3E0QkNNOF9vMllSdTJ5d0J1cG5nbVV1N05XVzdfcmQ3TXpZT3RVdTgxTmM0REV1X3NyeFl4N1NlUU9HSGFvWUxpT3h4bjZSU1l0SjVVSlhQZw?oc=5\" target=\"_blank\" rel=\"nofollow noopener\">\u201cGirls\u201d, saison 3 : la saison de la lumi\u00e8re au bout du tunnel ?<\/a>&nbsp;&nbsp;T\u00e9l\u00e9rama<\/li>\n<\/ol>\n","protected":false},"excerpt":{"rendered":"\u201cGirls\u201d, de Lena Dunham : les cinq meilleurs \u00e9pisodes selon \u201cT\u00e9l\u00e9rama\u201d&nbsp;&nbsp;T\u00e9l\u00e9rama \u201cGirls\u201d, saison 6 : c\u2019est fini, et&hellip;\n","protected":false},"author":2,"featured_media":294159,"comment_status":"","ping_status":"","sticky":false,"template":"","format":"standard","meta":{"footnotes":""},"categories":[1356],"tags":[58,59,1011,27,252,1364],"class_list":{"0":"post-294158","1":"post","2":"type-post","3":"status-publish","4":"format-standard","5":"has-post-thumbnail","7":"category-television","8":"tag-divertissement","9":"tag-entertainment","10":"tag-fr","11":"tag-france","12":"tag-television","13":"tag-tv"},"share_on_mastodon":{"url":"https:\/\/pubeurope.com\/@fr\/114966359272880956","error":""},"_links":{"self":[{"href":"https:\/\/www.europesays.com\/fr\/wp-json\/wp\/v2\/posts\/294158","targetHints":{"allow":["GET"]}}],"collection":[{"href":"https:\/\/www.europesays.com\/fr\/wp-json\/wp\/v2\/posts"}],"about":[{"href":"https:\/\/www.europesays.com\/fr\/wp-json\/wp\/v2\/types\/post"}],"author":[{"embeddable":true,"href":"https:\/\/www.europesays.com\/fr\/wp-json\/wp\/v2\/users\/2"}],"replies":[{"embeddable":true,"href":"https:\/\/www.europesays.com\/fr\/wp-json\/wp\/v2\/comments?post=294158"}],"version-history":[{"count":0,"href":"https:\/\/www.europesays.com\/fr\/wp-json\/wp\/v2\/posts\/294158\/revisions"}],"wp:featuredmedia":[{"embeddable":true,"href":"https:\/\/www.europesays.com\/fr\/wp-json\/wp\/v2\/media\/294159"}],"wp:attachment":[{"href":"https:\/\/www.europesays.com\/fr\/wp-json\/wp\/v2\/media?parent=294158"}],"wp:term":[{"taxonomy":"category","embeddable":true,"href":"https:\/\/www.europesays.com\/fr\/wp-json\/wp\/v2\/categories?post=294158"},{"taxonomy":"post_tag","embeddable":true,"href":"https:\/\/www.europesays.com\/fr\/wp-json\/wp\/v2\/tags?post=294158"}],"curies":[{"name":"wp","href":"https:\/\/api.w.org\/{rel}","templated":true}]}}