{"id":294160,"date":"2025-08-03T18:56:10","date_gmt":"2025-08-03T18:56:10","guid":{"rendered":"https:\/\/www.europesays.com\/fr\/294160\/"},"modified":"2025-08-03T18:56:10","modified_gmt":"2025-08-03T18:56:10","slug":"roger-daltrey-the-who-sexprime-sur-le-conflit-avec-zak-starkey","status":"publish","type":"post","link":"https:\/\/www.europesays.com\/fr\/294160\/","title":{"rendered":"Roger Daltrey (The Who) s\u2019exprime sur le conflit avec Zak Starkey"},"content":{"rendered":"<p><strong>Roger Daltrey s\u2019est exprim\u00e9 au sujet des tensions avec Zak Starkey, affirmant que les accusations du batteur visent \u00e0 \u201cd\u00e9truire sa r\u00e9putation\u201d, alors que <a href=\"https:\/\/www.metalzone.fr\/the-who\/\" rel=\"nofollow noopener\" target=\"_blank\">The Who<\/a> traverse une p\u00e9riode difficile marqu\u00e9e par un d\u00e9part douloureux et une tourn\u00e9e d\u2019adieu.<\/strong><\/p>\n<p>Une affaire toujours vive au sein des Who<\/p>\n<p>Dans une nouvelle interview avec <a href=\"https:\/\/www.thetimes.com\/culture\/music\/article\/roger-daltrey-interview-who-tour-dreamland-margate-amerant-bank-arena-florida-kzrv3pgzm\" target=\"_blank\" rel=\"nofollow noopener\">The Times<\/a>, Roger Daltrey d\u00e9clare que Zak Starkey a nui \u00e0 sa r\u00e9putation apr\u00e8s avoir quitt\u00e9 les Who. Il \u00e9voque une \u201cdestruction de r\u00e9putation\u201d, qualifiant l\u2019\u00e9pisode de \u201cprofond\u00e9ment bouleversant\u201d.<\/p>\n<p>Starkey, batteur du groupe depuis pr\u00e8s de 30 ans, a \u00e9t\u00e9 \u00e9vinc\u00e9 en avril apr\u00e8s un concert tendu au Royal Albert Hall. Daltrey avait alors interrompu une chanson pour se plaindre du son de la batterie. R\u00e9int\u00e9gr\u00e9 bri\u00e8vement quelques jours plus tard, Starkey fut \u00e0 nouveau remerci\u00e9 en mai. Il avait alors d\u00e9nonc\u00e9 \u201ctrois semaines de chaos\u201d, expliquant qu\u2019on lui avait demand\u00e9 de mentir sur les raisons de son d\u00e9part, comme nous l\u2019avions relay\u00e9 <a href=\"https:\/\/www.metalzone.fr\/news\/214761-zak-starkey-quitte-definitivement-who-climat-tendu\/\" target=\"_blank\" rel=\"noopener nofollow\">dans cet article<\/a>.<\/p>\n<p>\u201cC\u2019\u00e9tait comme piloter sans visibilit\u00e9\u201d<\/p>\n<p>Daltrey clarifie aujourd\u2019hui les circonstances entourant l\u2019incident au Royal Albert Hall. Il d\u00e9crit une situation chaotique sur sc\u00e8ne : \u201cLe son \u00e9tait satur\u00e9 de basses fr\u00e9quences, je n\u2019arrivais pas \u00e0 chanter juste. Je pointais du doigt la grosse caisse en criant, mais je ne m\u2019en prenais pas \u00e0 lui. C\u2019\u00e9tait comme piloter sans visibilit\u00e9\u201d.<\/p>\n<p>Il pr\u00e9cise que, selon lui, l\u2019incident a \u00e9t\u00e9 mal interpr\u00e9t\u00e9 : \u201cQuand Zak a pens\u00e9 que je l\u2019attaquais, ce n\u2019\u00e9tait pas le cas. C\u2019est tout ce qui s\u2019est pass\u00e9\u201d. Malgr\u00e9 cela, l\u2019artiste juge s\u00e9v\u00e8rement la r\u00e9action de son ancien batteur : \u201cC\u2019\u00e9tait diffamatoire et extr\u00eamement d\u00e9rangeant\u201d. Daltrey rappelle que seuls Pete Townshend et lui-m\u00eame sont officiellement propri\u00e9taires du nom The Who : \u201cLes autres ne sont que des musiciens de session\u201d.<\/p>\n<p>De son c\u00f4t\u00e9, Pete Townshend avait d\u00e9j\u00e0 confi\u00e9 que cette rupture avait \u00e9t\u00e9 \u201cun d\u00e9sastre\u201d, regrettant une d\u00e9cision mal r\u00e9fl\u00e9chie et des tensions d\u2019ordre technique, comme il l\u2019avait expliqu\u00e9 <a href=\"https:\/\/www.metalzone.fr\/news\/216424-pete-townshend-depart-zak-starkey\/\" target=\"_blank\" rel=\"noopener nofollow\">dans cet entretien<\/a>.<\/p>\n<p>The Who poursuivra sa tourn\u00e9e d\u2019adieu The Song Is Over sans Starkey, avec Scott Devours \u00e0 la batterie. La partie am\u00e9ricaine d\u00e9butera le 16 ao\u00fbt \u00e0 Sunrise, en Floride, et s\u2019ach\u00e8vera le 28 septembre \u00e0 Las Vegas.<\/p>\n","protected":false},"excerpt":{"rendered":"Roger Daltrey s\u2019est exprim\u00e9 au sujet des tensions avec Zak Starkey, affirmant que les accusations du batteur visent&hellip;\n","protected":false},"author":2,"featured_media":111655,"comment_status":"","ping_status":"","sticky":false,"template":"","format":"standard","meta":{"footnotes":""},"categories":[1355],"tags":[58,59,1011,27,1361,873],"class_list":{"0":"post-294160","1":"post","2":"type-post","3":"status-publish","4":"format-standard","5":"has-post-thumbnail","7":"category-musique","8":"tag-divertissement","9":"tag-entertainment","10":"tag-fr","11":"tag-france","12":"tag-music","13":"tag-musique"},"share_on_mastodon":{"url":"https:\/\/pubeurope.com\/@fr\/114966363130580834","error":""},"_links":{"self":[{"href":"https:\/\/www.europesays.com\/fr\/wp-json\/wp\/v2\/posts\/294160","targetHints":{"allow":["GET"]}}],"collection":[{"href":"https:\/\/www.europesays.com\/fr\/wp-json\/wp\/v2\/posts"}],"about":[{"href":"https:\/\/www.europesays.com\/fr\/wp-json\/wp\/v2\/types\/post"}],"author":[{"embeddable":true,"href":"https:\/\/www.europesays.com\/fr\/wp-json\/wp\/v2\/users\/2"}],"replies":[{"embeddable":true,"href":"https:\/\/www.europesays.com\/fr\/wp-json\/wp\/v2\/comments?post=294160"}],"version-history":[{"count":0,"href":"https:\/\/www.europesays.com\/fr\/wp-json\/wp\/v2\/posts\/294160\/revisions"}],"wp:featuredmedia":[{"embeddable":true,"href":"https:\/\/www.europesays.com\/fr\/wp-json\/wp\/v2\/media\/111655"}],"wp:attachment":[{"href":"https:\/\/www.europesays.com\/fr\/wp-json\/wp\/v2\/media?parent=294160"}],"wp:term":[{"taxonomy":"category","embeddable":true,"href":"https:\/\/www.europesays.com\/fr\/wp-json\/wp\/v2\/categories?post=294160"},{"taxonomy":"post_tag","embeddable":true,"href":"https:\/\/www.europesays.com\/fr\/wp-json\/wp\/v2\/tags?post=294160"}],"curies":[{"name":"wp","href":"https:\/\/api.w.org\/{rel}","templated":true}]}}