{"id":294165,"date":"2025-08-03T18:59:10","date_gmt":"2025-08-03T18:59:10","guid":{"rendered":"https:\/\/www.europesays.com\/fr\/294165\/"},"modified":"2025-08-03T18:59:10","modified_gmt":"2025-08-03T18:59:10","slug":"ce-que-va-apporter-a-lom-weah-sixieme-recrue-de-lete","status":"publish","type":"post","link":"https:\/\/www.europesays.com\/fr\/294165\/","title":{"rendered":"Ce que va apporter \u00e0 l\u2019OM Weah, sixi\u00e8me recrue de l\u2019\u00e9t\u00e9"},"content":{"rendered":"<p>Son nom est apparu dans les gazettes d\u00e9but juillet, et il aura fallu attendre plus d\u2019un mois pour que Timothy Weah (25\u00a0ans) soit enfin lib\u00e9r\u00e9 par la Juventus, contre un joli ch\u00e8que \u00e9chelonn\u00e9. Dans la nuit de samedi \u00e0 dimanche, un accord a \u00e9t\u00e9 trouv\u00e9 pour un pr\u00eat payant d\u20191\u00a0million d\u2019euros, une option d\u2019achat obligatoire de 14M\u20ac et des bonus pouvant s\u2019\u00e9lever jusqu\u2019\u00e0 3M\u20ac.<\/p>\n<p>Une issue positive pour l\u2019international am\u00e9ricain, qui <a href=\"https:\/\/www.laprovence.com\/article\/om\/2751955844733814\/mercato-om-pourquoi-timothy-weah-interesse-les-dirigeants-olympiens\" target=\"_blank\" rel=\"noopener\">souhaitait absolument rejoindre l\u2019OM<\/a> et va signer un joli contrat de cinq ans, pour le club, qui renforce son couloir droit (entre autres, nous y reviendrons) avec un joueur confirm\u00e9, et la Juve, qui a c\u00e9d\u00e9 sur ses exigences mais va r\u00e9cup\u00e9rer, en plusieurs fois, un peu plus que ce qu\u2019elle avait accept\u00e9 de Nottingham Forest (entre 14 et 15M\u20ac, mais en transfert sec) en d\u00e9but de mercato, une offre refus\u00e9e par Weah.<\/p>\n<p>Il a tout fait pour rejoindre l\u2019OM<\/p>\n<p>Malgr\u00e9 l\u2019attractivit\u00e9 sportive et financi\u00e8re de la Premier League ou la participation de Forest \u00e0 la Ligue Europa, le joueur form\u00e9 au PSG n\u2019avait pas appr\u00e9ci\u00e9 que ses dirigeants essaient de lui forcer la main. Et il a tout fait pour rejoindre Marseille depuis, <a href=\"https:\/\/www.laprovence.com\/article\/om\/2171543351473514\/mercato-le-representant-de-timothy-weah-accuse-la-juve-de-bloquer-le-transfert-vers-lom\" target=\"_blank\" rel=\"noopener\">allant jusqu\u2019au clash, via son conseiller Badou Sambagu\u00e9, avec le nouveau directeur g\u00e9n\u00e9ral bianconero, Damien Comolli<\/a>. Sa d\u00e9termination a pay\u00e9 et il marche dans le sillage de son ami Adrien Rabiot avec qui il a sympathis\u00e9 \u00e0 Turin ou de son p\u00e8re George, lui aussi Olympien (2000-01, 5 buts) apr\u00e8s avoir \u00e9volu\u00e9 sous les couleurs parisiennes.<\/p>\n<p>78 matches sous les couleurs de la Juve<\/p>\n<p>Apr\u00e8s quelques matches seulement avec le club de la capitale, puis un pr\u00eat concluant en \u00c9cosse (Celtic Glasgow), c\u2019est \u00e0 Lille qu\u2019il s\u2019est r\u00e9v\u00e9l\u00e9 et a particip\u00e9 au titre de champion de France 2021. Ancien avant-centre, il a \u00e9toff\u00e9 son profil dans le Nord, d\u00e9couvert la Ligue des champions, acquis les comp\u00e9tences pour \u00e9voluer en tant que lat\u00e9ral, et devenant un tr\u00e8s proche d\u2019Angel Gomes.<\/p>\n","protected":false},"excerpt":{"rendered":"Son nom est apparu dans les gazettes d\u00e9but juillet, et il aura fallu attendre plus d\u2019un mois pour&hellip;\n","protected":false},"author":2,"featured_media":294166,"comment_status":"","ping_status":"","sticky":false,"template":"","format":"standard","meta":{"footnotes":""},"categories":[9],"tags":[17,43403,1011,27,43404,1434,149,746,60,43405,42926],"class_list":{"0":"post-294165","1":"post","2":"type-post","3":"status-publish","4":"format-standard","5":"has-post-thumbnail","7":"category-sports","8":"tag-17","9":"tag-apporter","10":"tag-fr","11":"tag-france","12":"tag-lamericain","13":"tag-mercato","14":"tag-om","15":"tag-que","16":"tag-sports","17":"tag-timothy","18":"tag-weah"},"share_on_mastodon":{"url":"https:\/\/pubeurope.com\/@fr\/114966374985654692","error":""},"_links":{"self":[{"href":"https:\/\/www.europesays.com\/fr\/wp-json\/wp\/v2\/posts\/294165","targetHints":{"allow":["GET"]}}],"collection":[{"href":"https:\/\/www.europesays.com\/fr\/wp-json\/wp\/v2\/posts"}],"about":[{"href":"https:\/\/www.europesays.com\/fr\/wp-json\/wp\/v2\/types\/post"}],"author":[{"embeddable":true,"href":"https:\/\/www.europesays.com\/fr\/wp-json\/wp\/v2\/users\/2"}],"replies":[{"embeddable":true,"href":"https:\/\/www.europesays.com\/fr\/wp-json\/wp\/v2\/comments?post=294165"}],"version-history":[{"count":0,"href":"https:\/\/www.europesays.com\/fr\/wp-json\/wp\/v2\/posts\/294165\/revisions"}],"wp:featuredmedia":[{"embeddable":true,"href":"https:\/\/www.europesays.com\/fr\/wp-json\/wp\/v2\/media\/294166"}],"wp:attachment":[{"href":"https:\/\/www.europesays.com\/fr\/wp-json\/wp\/v2\/media?parent=294165"}],"wp:term":[{"taxonomy":"category","embeddable":true,"href":"https:\/\/www.europesays.com\/fr\/wp-json\/wp\/v2\/categories?post=294165"},{"taxonomy":"post_tag","embeddable":true,"href":"https:\/\/www.europesays.com\/fr\/wp-json\/wp\/v2\/tags?post=294165"}],"curies":[{"name":"wp","href":"https:\/\/api.w.org\/{rel}","templated":true}]}}