{"id":294179,"date":"2025-08-03T19:06:14","date_gmt":"2025-08-03T19:06:14","guid":{"rendered":"https:\/\/www.europesays.com\/fr\/294179\/"},"modified":"2025-08-03T19:06:14","modified_gmt":"2025-08-03T19:06:14","slug":"roche-la-moliere-la-commune-sera-la-capitale-du-street-art-du-12-au-14-septembre","status":"publish","type":"post","link":"https:\/\/www.europesays.com\/fr\/294179\/","title":{"rendered":"Roche-la-Moli\u00e8re. La commune sera la capitale du street art du 12 au 14\u00a0septembre"},"content":{"rendered":"<p>Fernando Davila, alias MR.Fernand, cofondateur et commissaire g\u00e9n\u00e9ral de la manifestation, qui se d\u00e9roulera sur trois jours et qui f\u00eate ces 10 ans d\u2019existence, indique que douze artistes, seront pr\u00e9sents pour cette nouvelle \u00e9dition du festival Street-Art festival in Roche-la-Moli\u00e8re (Safir).<\/p>\n<p>De la peinture en direct<\/p>\n<p>Sept artistes seront pr\u00e9sents pour le \u2018\u2018On\u2019\u2019, cinq pour le \u201cOff\u201d. Pour le \u201cOn\u201d, les artistes travailleront sur six cubes en aluminium de deux\u00a0m\u00e8tres par deux m\u00e8tres, r\u00e9alis\u00e9s par l\u2019entreprise Alti cr\u00e9ations,&#8230;<\/p>\n","protected":false},"excerpt":{"rendered":"Fernando Davila, alias MR.Fernand, cofondateur et commissaire g\u00e9n\u00e9ral de la manifestation, qui se d\u00e9roulera sur trois jours et&hellip;\n","protected":false},"author":2,"featured_media":294180,"comment_status":"","ping_status":"","sticky":false,"template":"","format":"standard","meta":{"footnotes":""},"categories":[9653],"tags":[1111,11,2430,1687,7539,1777,674,2271,1011,27,12,25,12490,12491,4001],"class_list":{"0":"post-294179","1":"post","2":"type-post","3":"status-publish","4":"format-standard","5":"has-post-thumbnail","7":"category-saint-etienne","8":"tag-actu","9":"tag-actualites","10":"tag-auvergne-rhone-alpes","11":"tag-culture-loisirs","12":"tag-edition-loire-sud","13":"tag-eu","14":"tag-europe","15":"tag-exposition-arts-plastiques","16":"tag-fr","17":"tag-france","18":"tag-news","19":"tag-republique-francaise","20":"tag-roche-la-moliere","21":"tag-roche-la-moliere-bassin","22":"tag-saint-etienne"},"share_on_mastodon":{"url":"https:\/\/pubeurope.com\/@fr\/114966402544535843","error":""},"_links":{"self":[{"href":"https:\/\/www.europesays.com\/fr\/wp-json\/wp\/v2\/posts\/294179","targetHints":{"allow":["GET"]}}],"collection":[{"href":"https:\/\/www.europesays.com\/fr\/wp-json\/wp\/v2\/posts"}],"about":[{"href":"https:\/\/www.europesays.com\/fr\/wp-json\/wp\/v2\/types\/post"}],"author":[{"embeddable":true,"href":"https:\/\/www.europesays.com\/fr\/wp-json\/wp\/v2\/users\/2"}],"replies":[{"embeddable":true,"href":"https:\/\/www.europesays.com\/fr\/wp-json\/wp\/v2\/comments?post=294179"}],"version-history":[{"count":0,"href":"https:\/\/www.europesays.com\/fr\/wp-json\/wp\/v2\/posts\/294179\/revisions"}],"wp:featuredmedia":[{"embeddable":true,"href":"https:\/\/www.europesays.com\/fr\/wp-json\/wp\/v2\/media\/294180"}],"wp:attachment":[{"href":"https:\/\/www.europesays.com\/fr\/wp-json\/wp\/v2\/media?parent=294179"}],"wp:term":[{"taxonomy":"category","embeddable":true,"href":"https:\/\/www.europesays.com\/fr\/wp-json\/wp\/v2\/categories?post=294179"},{"taxonomy":"post_tag","embeddable":true,"href":"https:\/\/www.europesays.com\/fr\/wp-json\/wp\/v2\/tags?post=294179"}],"curies":[{"name":"wp","href":"https:\/\/api.w.org\/{rel}","templated":true}]}}