{"id":294183,"date":"2025-08-03T19:11:10","date_gmt":"2025-08-03T19:11:10","guid":{"rendered":"https:\/\/www.europesays.com\/fr\/294183\/"},"modified":"2025-08-03T19:11:10","modified_gmt":"2025-08-03T19:11:10","slug":"nuit-des-pecheurs-a-toulon-cest-la-soiree-quon-ne-loupe-jamais","status":"publish","type":"post","link":"https:\/\/www.europesays.com\/fr\/294183\/","title":{"rendered":"Nuit des p\u00eacheurs \u00e0 Toulon: \u00ab\u00a0C\u2019est la soir\u00e9e qu\u2019on ne loupe jamais\u00a0\u00bb"},"content":{"rendered":"<p>Il est \u00e0 peine 17 heures, horaire officiel du top d\u00e9part de cette 23e Nuit des p\u00eacheurs. Il fait chaud et les plages du Mourillon sont encore bien garnies. Mais ceux qui descendent du \u00ab\u00a0village\u00a0\u00bb vers la mer, dans les petites rues perpendiculaires, peu charg\u00e9s et en tenues d\u00e9contract\u00e9es, n\u2019en prennent pas le chemin. Ils bifurquent avant, direction le Fort Saint-Louis. Marina et Simon sont en vacances. \u00ab\u00a0\u00c0 l\u2019h\u00f4tel, on nous a dit que \u00e7a valait le coup, mais qu\u2019on avait int\u00e9r\u00eat d\u2019arriver t\u00f4t pour pouvoir s\u2019asseoir \u00ab\u00a0, explique le jeune homme, qui passe sans encombre la s\u00e9curit\u00e9.<\/p>\n<p>On ne leur a pas menti. Tout le long du petit port, de longues tables \u00e0 partager ont \u00e9t\u00e9 install\u00e9es. L\u2019int\u00e9gralit\u00e9 des places \u00e0 l\u2019ombre est d\u00e9j\u00e0 occup\u00e9e. Les p\u00eacheurs sont \u00e0 pied d\u2019\u0153uvre, eux aussi, pour satisfaire les premiers gourmands. \u00ab\u00a0Franchement, c\u2019est dur de choisir! \u00ab\u00a0, l\u00e2che Patricia. Venue en voisine retrouver des amis, la Seynoise amatrice de poisson en est \u00e0 son \u00ab\u00a0troisi\u00e8me aller-retour \u00ab\u00a0. Et n\u2019est toujours pas compl\u00e8tement d\u00e9cid\u00e9e, son c\u0153ur et son estomac balan\u00e7ant entre \u00ab\u00a0les p\u00e2tes de la mer et une daurade grill\u00e9e \u00ab\u00a0. \u00ab\u00a0Go\u00fbtez, si vous voulez! \u00ab\u00a0, l\u2019invite une vendeuse.<\/p>\n<p>Poisson frais et odeur (beaucoup trop!) all\u00e9chante<\/p>\n<p>              <img ci-src=\"https:\/\/www.varmatin.com\/vie-locale\/protec\/DATA_ART_16020277-q9IfiK1w.jpg?vh=27210a&amp;ci_seal=0f02e3fbeb\" alt=\"\"\/><\/p>\n<p>Pour qui aime les produits de la mer, cette grande f\u00eate populaire est un paradis sur terre. On comprend assez bien pourquoi Patricia n\u2019arrive pas \u00e0 sortir des stands. Rien que la vue de toute cette magnifique marchandise tr\u00e8s fra\u00eechement sortie de l\u2019eau donne une faim de vieux loup de mer. Et que dire de l\u2019odeur\u2026 Les effluves du poisson qui grille, des moules qui marinent, de la soupe qui bouillonne\u2026 Vous l\u2019avez?<\/p>\n<p>Une heure plus tard, il n\u2019y a d\u00e9j\u00e0 plus une place de libre. \u00ab\u00a0Je peux prendre cette chaise? \u00ab\u00a0, interroge-t-on ici et l\u00e0. Et toujours la m\u00eame r\u00e9ponse: \u00ab\u00a0D\u00e9sol\u00e9e non, c\u2019est pris. \u00a0\u00bb Ren\u00e9, Mariette, Fran\u00e7oise et Didier n\u2019ont pas ce souci \u00e0 r\u00e9gler. Attabl\u00e9s, pour l\u2019instant, autour d\u2019une bonne bouteille de vin blanc, ces \u00ab\u00a0amis de 50 ans \u00a0\u00bb ont trouv\u00e9 leur place d\u00e8s l\u2019ouverture, \u00e0 l\u2019extr\u00e9mit\u00e9 ouest du port Saint-Louis. C\u2019est l\u00e0 qu\u2019ils se posent\u2026 depuis 15 ans. \u00ab\u00a0C\u2019est la soir\u00e9e qu\u2019on ne loupe jamais, explique Fran\u00e7oise. La meilleure soir\u00e9e de l\u2019ann\u00e9e. \u00a0\u00bb \u00ab\u00a0On adore manger du poisson, surtout ici o\u00f9 il est d\u00e9licieux et pas cher!, compl\u00e8te sa grande copine Mariette. Mais surtout, on adore l\u2019ambiance qui r\u00e8gne ici. C\u2019est en m\u00eame temps tranquille et tr\u00e8s anim\u00e9. Et puis les gens se parlent, rigolent. \u00ab\u00a0<\/p>\n<p>En y regardant de plus pr\u00e8s, elle a raison, Mariette. \u00e7a piaille joyeusement, personne n\u2019a le nez sur son t\u00e9l\u00e9phone. Et ce petit air marin, juste parfait\u2026 Bref, il est l\u2019heure. C\u2019est bien beau de parler de poisson, de le regarder cuire et de voir la foule d\u00e9vorer sa portion, mais \u00e7a commence s\u00e9rieusement \u00e0 gargouiller, l\u00e0-dedans.<\/p>\n<p>              <img ci-src=\"https:\/\/www.varmatin.com\/vie-locale\/protec\/DATA_ART_16020275-fAdmYzXZ.jpg?vh=aae27c&amp;ci_seal=dc3675d063\" alt=\"\"\/><\/p>\n","protected":false},"excerpt":{"rendered":"Il est \u00e0 peine 17 heures, horaire officiel du top d\u00e9part de cette 23e Nuit des p\u00eacheurs. Il&hellip;\n","protected":false},"author":2,"featured_media":294184,"comment_status":"","ping_status":"","sticky":false,"template":"","format":"standard","meta":{"footnotes":""},"categories":[9619],"tags":[1111,11,1777,674,1011,27,1661,12,882,25,2310,3366],"class_list":{"0":"post-294183","1":"post","2":"type-post","3":"status-publish","4":"format-standard","5":"has-post-thumbnail","7":"category-toulon","8":"tag-actu","9":"tag-actualites","10":"tag-eu","11":"tag-europe","12":"tag-fr","13":"tag-france","14":"tag-gastronomie","15":"tag-news","16":"tag-provence-alpes-cote-dazur","17":"tag-republique-francaise","18":"tag-toulon","19":"tag-vie-locale"},"share_on_mastodon":{"url":"https:\/\/pubeurope.com\/@fr\/114966422036484009","error":""},"_links":{"self":[{"href":"https:\/\/www.europesays.com\/fr\/wp-json\/wp\/v2\/posts\/294183","targetHints":{"allow":["GET"]}}],"collection":[{"href":"https:\/\/www.europesays.com\/fr\/wp-json\/wp\/v2\/posts"}],"about":[{"href":"https:\/\/www.europesays.com\/fr\/wp-json\/wp\/v2\/types\/post"}],"author":[{"embeddable":true,"href":"https:\/\/www.europesays.com\/fr\/wp-json\/wp\/v2\/users\/2"}],"replies":[{"embeddable":true,"href":"https:\/\/www.europesays.com\/fr\/wp-json\/wp\/v2\/comments?post=294183"}],"version-history":[{"count":0,"href":"https:\/\/www.europesays.com\/fr\/wp-json\/wp\/v2\/posts\/294183\/revisions"}],"wp:featuredmedia":[{"embeddable":true,"href":"https:\/\/www.europesays.com\/fr\/wp-json\/wp\/v2\/media\/294184"}],"wp:attachment":[{"href":"https:\/\/www.europesays.com\/fr\/wp-json\/wp\/v2\/media?parent=294183"}],"wp:term":[{"taxonomy":"category","embeddable":true,"href":"https:\/\/www.europesays.com\/fr\/wp-json\/wp\/v2\/categories?post=294183"},{"taxonomy":"post_tag","embeddable":true,"href":"https:\/\/www.europesays.com\/fr\/wp-json\/wp\/v2\/tags?post=294183"}],"curies":[{"name":"wp","href":"https:\/\/api.w.org\/{rel}","templated":true}]}}