{"id":294187,"date":"2025-08-03T19:14:13","date_gmt":"2025-08-03T19:14:13","guid":{"rendered":"https:\/\/www.europesays.com\/fr\/294187\/"},"modified":"2025-08-03T19:14:13","modified_gmt":"2025-08-03T19:14:13","slug":"deux-restaurants-mitoyens-detruits-par-un-incendie","status":"publish","type":"post","link":"https:\/\/www.europesays.com\/fr\/294187\/","title":{"rendered":"deux restaurants mitoyens d\u00e9truits par un incendie"},"content":{"rendered":"<p>            Par<br \/>\n        <strong><br \/>\n            <a href=\"https:\/\/actu.fr\/auteur\/jm-aubert\" title=\"Consulter tous les articles de Jean-Marc Aubert\" rel=\"nofollow noopener\" target=\"_blank\">Jean-Marc Aubert<\/a><br \/>\n        <\/strong><\/p>\n<p>        Publi\u00e9 le<\/p>\n<p>            3 ao\u00fbt 2025 \u00e0 7h35<br \/>\n        ; mis \u00e0 jour le 3 ao\u00fbt 2025 \u00e0 18h09    <\/p>\n<p>Deux <strong>restaurants<\/strong> mitoyens ont \u00e9t\u00e9 d\u00e9truits par un violent incendie, en cette nuit de samedi 2 \u00e0 ce dimanche 3 ao\u00fbt 2025, dans la commune de <strong>Saint-Guilhem-le-D\u00e9sert,<\/strong> dans la vall\u00e9e de l\u2019H\u00e9rault, \u00e0 une trentaine de kilom\u00e8tres \u00e0 l\u2019ouest de Montpellier.<\/p>\n<p class=\" wall-content\">L\u2019alerte a \u00e9t\u00e9 donn\u00e9e vers 1h45 aux sapeurs-pompiers du <strong>Sdis 34<\/strong> pour un feu sur la terrasse du <strong>restaurant Le Petit Jardin,<\/strong> route d\u2019Aniane, mais \u00e0 leur arriv\u00e9e, les flammes s\u2019\u00e9taient propag\u00e9es sur un b\u00e2timent en structure m\u00e9tallique de 300m2, sur deux niveaux, avec un autre restaurant, l\u2019<strong>Oustal Fonzes<\/strong>.<\/p>\n<p>    <a href=\"https:\/\/www.google.com\/maps\/embed?pb=!1m18!1m12!1m3!1d15917.774454693776!2d3.5564320904894466!3d43.73149236817589!2m3!1f0!2f0!3f0!3m2!1i1024!2i768!4f13.1!3m3!1m2!1s0x12b1587728f0a1b5%3A0x39db10e7f81400e6!2sAv.%20Saint-Benoit%20d%27Ariane%2C%2034150%20Saint-Guilhem-le-D%C3%A9sert!5e0!3m2!1sfr!2sfr!4v1754199114009!5m2!1sfr!2sfr\" title=\"Ouvrie le lien\" rel=\"nofollow noopener\" target=\"_blank\">Cliquez ici pour visualiser le contenu<\/a><\/p>\n<p class=\" wall-content\">Trente\u00a0sapeurs-pompiers des casernes alentour ont \u00e9t\u00e9 engag\u00e9s avec une vingtaine de v\u00e9hicules, tandis que les g<strong>endarmes<\/strong> de la compagnie de Lod\u00e8ve coupaient la RD4\u00a0\u00e0 l\u2019entr\u00e9e du village. Le feu a \u00e9t\u00e9 circonscrit aux alentours de 4h,\u00a0mais\u00a0a entra\u00een\u00e9 une coupure d\u2019\u00e9lectricit\u00e9 sur la moiti\u00e9 des habitations. La circulation a \u00e9t\u00e9 rouverte sur la RD 4 \u00e0 7h30. Pendant la lutte contre les flammes, <strong>une bonbonne de gaz de 6kg a explos\u00e9,<\/strong> avec des d\u00e9bris qui sont tomb\u00e9s sur le parking proche et sur des v\u00e9hicules gar\u00e9s, provoquant une inqui\u00e9tude chez les riverains. Des locataires ont \u00e9t\u00e9 contraints de fuir les lieux. Fort heureusement, il n\u2019y a aucun bless\u00e9 \u00e0 d\u00e9plorer.<\/p>\n<p class=\" wall-content\">Selon le Sdis 34, le b\u00e2timent menace de s\u2019effondrer et le maire de Saint-Guillhem-le-D\u00e9sert, pr\u00e9sent sur les lieux, prendra rapidement un\u00a0<strong>arr\u00eat\u00e9\u00a0de\u00a0mise\u00a0en p\u00e9ril<\/strong>. Vingt employ\u00e9s des\u00a0deux\u00a0restaurants\u00a0vont se retrouver au <strong>ch\u00f4mage\u00a0technique<\/strong>.<\/p>\n<p>Vid\u00e9os : en ce moment sur Actu<br \/>\n    <a href=\"https:\/\/www.facebook.com\/plugins\/post.php?href=https%3A%2F%2Fwww.facebook.com%2FMairieAniane%2Fposts%2Fpfbid02ES4DScm6sEcm7Jwg65gY1KJpaiZRWNgWEMSNKwS9FXRzdzDxYfro3aebHQZ6gncZl&amp;show_text=true&amp;width=350\" title=\"Ouvrie le lien\" rel=\"nofollow noopener\" target=\"_blank\">Cliquez ici pour visualiser le contenu<\/a><\/p>\n<p class=\" wall-content\">La cause de l\u2019incendie est pour l\u2019heure ind\u00e9termin\u00e9e, les techniciens de la cellule d\u2019identification criminelle du groupement de <strong>gendarmerie de l\u2019H\u00e9rault<\/strong> vont se rendre sur place pour tenter d\u2019isoler l\u2019endroit exact du d\u00e9part du feu dans un coin de la terrasse. Dysfonctionnement \u00e9lectrique apr\u00e8s la fermeture ? Geste criminel ? Myst\u00e8re.<\/p>\n<p class=\" wall-content\">Suivez toute l\u2019actualit\u00e9 de vos villes et m\u00e9dias favoris en vous inscrivant \u00e0 <a href=\"https:\/\/moncompte.actu.fr\" title=\"D\u00e9couvez Mon Actu\" rel=\"nofollow noopener\" data-trk=\"{&quot;cta&quot;:{&quot;action&quot;:&quot;https:\\\/\\\/moncompte.actu.fr&quot;,&quot;category&quot;:&quot;mon compte&quot;,&quot;from&quot;:&quot;article footer&quot;,&quot;name&quot;:&quot;Mon actu&quot;,&quot;type&quot;:&quot;cta&quot;}}\" target=\"_blank\">Mon Actu<\/a>.<\/p>\n","protected":false},"excerpt":{"rendered":"Par Jean-Marc Aubert Publi\u00e9 le 3 ao\u00fbt 2025 \u00e0 7h35 ; mis \u00e0 jour le 3 ao\u00fbt 2025&hellip;\n","protected":false},"author":2,"featured_media":294188,"comment_status":"","ping_status":"","sticky":false,"template":"","format":"standard","meta":{"footnotes":""},"categories":[9599],"tags":[1111,11,1777,674,118,1011,27,3381,1310,2208,12,2680,1311,25],"class_list":{"0":"post-294187","1":"post","2":"type-post","3":"status-publish","4":"format-standard","5":"has-post-thumbnail","7":"category-montpellier","8":"tag-actu","9":"tag-actualites","10":"tag-eu","11":"tag-europe","12":"tag-faits-divers","13":"tag-fr","14":"tag-france","15":"tag-gendarmerie","16":"tag-incendie","17":"tag-montpellier","18":"tag-news","19":"tag-occitanie","20":"tag-pompiers","21":"tag-republique-francaise"},"share_on_mastodon":{"url":"https:\/\/pubeurope.com\/@fr\/114966433768983451","error":""},"_links":{"self":[{"href":"https:\/\/www.europesays.com\/fr\/wp-json\/wp\/v2\/posts\/294187","targetHints":{"allow":["GET"]}}],"collection":[{"href":"https:\/\/www.europesays.com\/fr\/wp-json\/wp\/v2\/posts"}],"about":[{"href":"https:\/\/www.europesays.com\/fr\/wp-json\/wp\/v2\/types\/post"}],"author":[{"embeddable":true,"href":"https:\/\/www.europesays.com\/fr\/wp-json\/wp\/v2\/users\/2"}],"replies":[{"embeddable":true,"href":"https:\/\/www.europesays.com\/fr\/wp-json\/wp\/v2\/comments?post=294187"}],"version-history":[{"count":0,"href":"https:\/\/www.europesays.com\/fr\/wp-json\/wp\/v2\/posts\/294187\/revisions"}],"wp:featuredmedia":[{"embeddable":true,"href":"https:\/\/www.europesays.com\/fr\/wp-json\/wp\/v2\/media\/294188"}],"wp:attachment":[{"href":"https:\/\/www.europesays.com\/fr\/wp-json\/wp\/v2\/media?parent=294187"}],"wp:term":[{"taxonomy":"category","embeddable":true,"href":"https:\/\/www.europesays.com\/fr\/wp-json\/wp\/v2\/categories?post=294187"},{"taxonomy":"post_tag","embeddable":true,"href":"https:\/\/www.europesays.com\/fr\/wp-json\/wp\/v2\/tags?post=294187"}],"curies":[{"name":"wp","href":"https:\/\/api.w.org\/{rel}","templated":true}]}}