{"id":294193,"date":"2025-08-03T19:21:10","date_gmt":"2025-08-03T19:21:10","guid":{"rendered":"https:\/\/www.europesays.com\/fr\/294193\/"},"modified":"2025-08-03T19:21:10","modified_gmt":"2025-08-03T19:21:10","slug":"rennes-craint-une-longue-indisponibilite-pour-brassier-lourdement-blesse-en-amical","status":"publish","type":"post","link":"https:\/\/www.europesays.com\/fr\/294193\/","title":{"rendered":"Rennes craint une longue indisponibilit\u00e9 pour Brassier, lourdement bless\u00e9 en amical"},"content":{"rendered":"<p class=\"mb-4 text-lg md:leading-8 break-words\">\u00ab\u00a0\u00c7a ne sent pas bon.\u00a0\u00bb Les premiers mots l\u00e2ch\u00e9s par <a href=\"https:\/\/fr.news.yahoo.com\/sport\/rennes-direction-tranch%C3%A9-habib-beye-162038034.html\" data-ylk=\"slk:Habib Beye;elm:context_link;itc:0;sec:content-canvas;outcm:mb_qualified_link;_E:mb_qualified_link;ct:story;\" class=\"link  yahoo-link\" target=\"_blank\" rel=\"noopener\">Habib Beye<\/a> n&rsquo;auguraient rien de bon. Sorti bless\u00e9 \u00e0 une cheville samedi, lors de la rencontre amicale entre le Stade rennais et la Real Sociedad (1-1), Lilian Brassier pourrait \u00eatre gravement touch\u00e9.<\/p>\n<p class=\"mb-4 text-lg md:leading-8 break-words\">Selon <a href=\"https:\/\/www.ouest-france.fr\/sport\/football\/stade-rennais\/stade-rennais-grosse-inquietude-pour-lilian-brassier-blesse-a-la-cheville-contre-la-real-sociedad-4af4808c-7056-11f0-b848-1fc9bd4892ac\" rel=\"nofollow noopener\" target=\"_blank\" data-ylk=\"slk:Ouest France;elm:context_link;itc:0;sec:content-canvas\" class=\"link \">Ouest France<\/a>, l\u2019ancien d\u00e9fenseur de l\u2019OM a \u00e9t\u00e9 victime d\u2019un tacle tr\u00e8s muscl\u00e9, et son hurlement de douleur a imm\u00e9diatement fait craindre le pire au staff m\u00e9dical rennais.<\/p>\n<p>\u00ab\u00a0Ce ne sont pas forc\u00e9ment des bonnes nouvelles\u00a0\u00bb<\/p>\n<p class=\"mb-4 text-lg md:leading-8 break-words\">Brassier doit d\u00e9sormais passer des examens compl\u00e9mentaires en d\u00e9but de semaine, pour confirmer ou non si Habib Beye devra se passer de lui pour de longues semaines (mois?). Mais l&rsquo;optimisme n&rsquo;est pas de mise en Bretagne, comme l&rsquo;a confi\u00e9 son coach en apr\u00e8s-match.<\/p>\n<p class=\"mb-4 text-lg md:leading-8 break-words\">\u00ab\u00a0Je pensais que c\u2019\u00e9tait un coup mais \u00e7a a craqu\u00e9\u00a0\u00bb, a regrett\u00e9 Beye. \u00ab\u00a0\u00c7a n\u2019a pas gonfl\u00e9, mais il a tr\u00e8s mal et il l\u2019a vraiment sentie craquer (sa cheville), donc ce ne sont pas forc\u00e9ment des bonnes nouvelles. Mais on va attendre les examens pour savoir la gravit\u00e9 de sa blessure.\u00a0\u00bb<\/p>\n<p class=\"mb-4 text-lg md:leading-8 break-words\">D\u00e9j\u00e0 d\u00e9cal\u00e9 en tant qu&rsquo;axial gauche dans le 3-5-2 rennais pour suppl\u00e9er son partenaire, d\u00e9but juillet contre Nantes, Anthony Rouault a de nouveau \u00e9t\u00e9 d\u00e9cal\u00e9 \u00e0 ce poste pour finir contre la Sociedad. L\u2019ancien Toulousain pourrait \u00eatre amen\u00e9 \u00e0 y d\u00e9panner plus longtemps. Le Stade rennais d\u00e9butera sa saison de Ligue 1 contre l&rsquo;OM, le 15 ao\u00fbt.<\/p>\n<p class=\"mb-4 text-lg md:leading-8 break-words\"><a href=\"https:\/\/rmcsport.bfmtv.com\/football\/ligue-1\/ca-a-craque-rennes-craint-une-longue-indisponibilite-pour-brassier-lourdement-blesse-en-amical_AV-202508030284.html#xtor=AL-68\" rel=\"nofollow noopener\" target=\"_blank\" data-ylk=\"slk:Article original publi\u00e9 sur RMC Sport;elm:context_link;itc:0;sec:content-canvas\" class=\"link \">Article original publi\u00e9 sur RMC Sport<\/a><\/p>\n","protected":false},"excerpt":{"rendered":"\u00ab\u00a0\u00c7a ne sent pas bon.\u00a0\u00bb Les premiers mots l\u00e2ch\u00e9s par Habib Beye n&rsquo;auguraient rien de bon. Sorti bless\u00e9&hellip;\n","protected":false},"author":2,"featured_media":294194,"comment_status":"","ping_status":"","sticky":false,"template":"","format":"standard","meta":{"footnotes":""},"categories":[2821],"tags":[1111,11,829,1777,674,1011,27,17173,43408,12,42891,584,25],"class_list":{"0":"post-294193","1":"post","2":"type-post","3":"status-publish","4":"format-standard","5":"has-post-thumbnail","7":"category-rennes","8":"tag-actu","9":"tag-actualites","10":"tag-bretagne","11":"tag-eu","12":"tag-europe","13":"tag-fr","14":"tag-france","15":"tag-habib-beye","16":"tag-lilian-brassier","17":"tag-news","18":"tag-real-sociedad","19":"tag-rennes","20":"tag-republique-francaise"},"share_on_mastodon":{"url":"https:\/\/pubeurope.com\/@fr\/114966461492202033","error":""},"_links":{"self":[{"href":"https:\/\/www.europesays.com\/fr\/wp-json\/wp\/v2\/posts\/294193","targetHints":{"allow":["GET"]}}],"collection":[{"href":"https:\/\/www.europesays.com\/fr\/wp-json\/wp\/v2\/posts"}],"about":[{"href":"https:\/\/www.europesays.com\/fr\/wp-json\/wp\/v2\/types\/post"}],"author":[{"embeddable":true,"href":"https:\/\/www.europesays.com\/fr\/wp-json\/wp\/v2\/users\/2"}],"replies":[{"embeddable":true,"href":"https:\/\/www.europesays.com\/fr\/wp-json\/wp\/v2\/comments?post=294193"}],"version-history":[{"count":0,"href":"https:\/\/www.europesays.com\/fr\/wp-json\/wp\/v2\/posts\/294193\/revisions"}],"wp:featuredmedia":[{"embeddable":true,"href":"https:\/\/www.europesays.com\/fr\/wp-json\/wp\/v2\/media\/294194"}],"wp:attachment":[{"href":"https:\/\/www.europesays.com\/fr\/wp-json\/wp\/v2\/media?parent=294193"}],"wp:term":[{"taxonomy":"category","embeddable":true,"href":"https:\/\/www.europesays.com\/fr\/wp-json\/wp\/v2\/categories?post=294193"},{"taxonomy":"post_tag","embeddable":true,"href":"https:\/\/www.europesays.com\/fr\/wp-json\/wp\/v2\/tags?post=294193"}],"curies":[{"name":"wp","href":"https:\/\/api.w.org\/{rel}","templated":true}]}}