{"id":294203,"date":"2025-08-03T19:26:10","date_gmt":"2025-08-03T19:26:10","guid":{"rendered":"https:\/\/www.europesays.com\/fr\/294203\/"},"modified":"2025-08-03T19:26:10","modified_gmt":"2025-08-03T19:26:10","slug":"les-mots-de-lete-ces-megafeux-qui-jettent-une-ombre-sur-lete","status":"publish","type":"post","link":"https:\/\/www.europesays.com\/fr\/294203\/","title":{"rendered":"Les mots de l\u2019\u00e9t\u00e9\u00a0: ces m\u00e9gafeux qui jettent une ombre sur l\u2019\u00e9t\u00e9"},"content":{"rendered":"<p>Quatri\u00e8me volet de notre s\u00e9rie sur les mots de l\u2019\u00e9t\u00e9, choisis et d\u00e9crypt\u00e9s par la Nantaise G\u00e9raldine Moinard, directrice de la r\u00e9daction des \u00e9ditions Le Robert. Aujourd\u2019hui, le <a href=\"https:\/\/dictionnaire.lerobert.com\/definition\/megafeu\" target=\"_self\" rel=\"noopener\">m\u00e9gafeu,<\/a> entr\u00e9 dans le langage courant avec la multiplication de ces incendies.<\/p>\n<p>Quelle est l\u2019origine de ce mot\u00a0?<\/p>\n<p>L\u2019\u00e9t\u00e9 est propice aux m\u00e9gafeux, ces feux hors normes tant par leur taille que par leur intensit\u00e9 et leur vitesse de propagation. Traduction de l\u2019anglais megafire, on en trouve les premi\u00e8res traces en fran\u00e7ais en 2003, pour qualifier les incendies de juillet dans le Var, puis diff\u00e9rents feux extr\u00eames aux \u00c9tats-Unis et en Australie. Mais c\u2019est \u00e0 partir des incendies de 2022 en Gironde que le mot entre r\u00e9ellement dans le langage courant.<\/p>\n<p>Avec l\u2019augmentation des s\u00e9cheresses estivales et la multiplication de ce type d\u2019incendies, les m\u00e9gafeux n\u2019ont depuis de cesse de faire parler d\u2019eux\u2026 Et de jeter leur ombre inqui\u00e9tante sur l\u2019\u00e9t\u00e9.<\/p>\n<p>Vous reprendrez bien un peu de m\u00e9ga\u00a0?<\/p>\n<p>Depuis quelques ann\u00e9es, je suis frapp\u00e9e par l\u2019extr\u00eame productivit\u00e9 du pr\u00e9fixe m\u00e9ga, qui signifie \u00ab\u00a0tr\u00e8s grand\u00a0\u00bb, et que l\u2019on retrouve dans la composition de tr\u00e8s nombreux mots\u00a0: m\u00e9gafeux et m\u00e9gabassines sont sans doute les plus courants (ils ont d\u2019ailleurs r\u00e9cemment fait leur entr\u00e9e dans Le Petit Robert). Mais on peut aussi citer m\u00e9gacamions, m\u00e9ga-usines, m\u00e9gafus\u00e9es, m\u00e9gar\u00e9mun\u00e9rations, m\u00e9gafermes, m\u00e9gas\u00e9ismes\u2026 N\u2019est-ce pas symptomatique de la d\u00e9mesure de notre \u00e9poque\u00a0?<\/p>\n<p>\u00a0<\/p>\n","protected":false},"excerpt":{"rendered":"Quatri\u00e8me volet de notre s\u00e9rie sur les mots de l\u2019\u00e9t\u00e9, choisis et d\u00e9crypt\u00e9s par la Nantaise G\u00e9raldine Moinard,&hellip;\n","protected":false},"author":2,"featured_media":294204,"comment_status":"","ping_status":"","sticky":false,"template":"","format":"standard","meta":{"footnotes":""},"categories":[2818],"tags":[1111,11,2883,1777,674,1011,27,27244,29640,8771,766,12,34656,2636,25],"class_list":{"0":"post-294203","1":"post","2":"type-post","3":"status-publish","4":"format-standard","5":"has-post-thumbnail","7":"category-nantes","8":"tag-actu","9":"tag-actualites","10":"tag-ete","11":"tag-eu","12":"tag-europe","13":"tag-fr","14":"tag-france","15":"tag-jettent","16":"tag-megafeux","17":"tag-mots","18":"tag-nantes","19":"tag-news","20":"tag-ombre","21":"tag-pays-de-la-loire","22":"tag-republique-francaise"},"share_on_mastodon":{"url":"https:\/\/pubeurope.com\/@fr\/114966481074653726","error":""},"_links":{"self":[{"href":"https:\/\/www.europesays.com\/fr\/wp-json\/wp\/v2\/posts\/294203","targetHints":{"allow":["GET"]}}],"collection":[{"href":"https:\/\/www.europesays.com\/fr\/wp-json\/wp\/v2\/posts"}],"about":[{"href":"https:\/\/www.europesays.com\/fr\/wp-json\/wp\/v2\/types\/post"}],"author":[{"embeddable":true,"href":"https:\/\/www.europesays.com\/fr\/wp-json\/wp\/v2\/users\/2"}],"replies":[{"embeddable":true,"href":"https:\/\/www.europesays.com\/fr\/wp-json\/wp\/v2\/comments?post=294203"}],"version-history":[{"count":0,"href":"https:\/\/www.europesays.com\/fr\/wp-json\/wp\/v2\/posts\/294203\/revisions"}],"wp:featuredmedia":[{"embeddable":true,"href":"https:\/\/www.europesays.com\/fr\/wp-json\/wp\/v2\/media\/294204"}],"wp:attachment":[{"href":"https:\/\/www.europesays.com\/fr\/wp-json\/wp\/v2\/media?parent=294203"}],"wp:term":[{"taxonomy":"category","embeddable":true,"href":"https:\/\/www.europesays.com\/fr\/wp-json\/wp\/v2\/categories?post=294203"},{"taxonomy":"post_tag","embeddable":true,"href":"https:\/\/www.europesays.com\/fr\/wp-json\/wp\/v2\/tags?post=294203"}],"curies":[{"name":"wp","href":"https:\/\/api.w.org\/{rel}","templated":true}]}}