{"id":294212,"date":"2025-08-03T19:32:10","date_gmt":"2025-08-03T19:32:10","guid":{"rendered":"https:\/\/www.europesays.com\/fr\/294212\/"},"modified":"2025-08-03T19:32:10","modified_gmt":"2025-08-03T19:32:10","slug":"letudiante-gazaouie-de-sciences-po-lille-accusee-de-propos-antisemites-a-quitte-la-france-pour-le-qatar-liberation","status":"publish","type":"post","link":"https:\/\/www.europesays.com\/fr\/294212\/","title":{"rendered":"L\u2019\u00e9tudiante gazaouie de Sciences Po Lille accus\u00e9e de propos antis\u00e9mites a quitt\u00e9 la France pour le Qatar \u2013 Lib\u00e9ration"},"content":{"rendered":"<p class=\"sc-ksZaOG ehjQrN text-element\">L\u2019\u00e9tudiante gazaouie arriv\u00e9e en France dans le cadre d\u2019une bourse d\u2019\u00e9tude &#8211; avant que ne soient r\u00e9v\u00e9l\u00e9es <a href=\"https:\/\/www.liberation.fr\/societe\/education\/sciences-po-lille-linscription-dune-etudiante-gazaouie-annulee-apres-la-decouverte-de-propos-antisemites-sur-internet-20250730_TFFIEFXZENH25JP46AY4NUJTNA\/\" target=\"_blank\" rel=\"noreferrer noopener\" title=\"https:\/\/www.liberation.fr\/societe\/education\/sciences-po-lille-linscription-dune-etudiante-gazaouie-annulee-apres-la-decouverte-de-propos-antisemites-sur-internet-20250730_TFFIEFXZENH25JP46AY4NUJTNA\/\">d\u2019anciennes publications antis\u00e9mites sur ses r\u00e9seaux sociaux<\/a> &#8211; a quitt\u00e9 la France ce dimanche pour le Qatar, a annonc\u00e9 le minist\u00e8re des Affaires \u00e9trang\u00e8res. \u00abLe ministre de l\u2019Europe et des Affaires \u00e9trang\u00e8res, Jean-No\u00ebl Barrot, a soulign\u00e9 le caract\u00e8re inacceptable des propos relay\u00e9s avant son entr\u00e9e sur le territoire fran\u00e7ais par Mme Nour Attaalah, \u00e9tudiante gazaouie. Au vu de leur gravit\u00e9, Mme Attaalah ne pouvait demeurer sur le territoire national. Elle a quitt\u00e9 la France aujourd\u2019hui pour rejoindre le Qatar et y poursuivre ses \u00e9tudes\u00bb, \u00e9crit le Quai d\u2019Orsay dans un communiqu\u00e9.<\/p>\n<p class=\"sc-ksZaOG ehjQrN text-element\">Le minist\u00e8re indique \u00abremercier les autorit\u00e9s qatariennes pour leur coop\u00e9ration d\u00e9terminante\u00bb. Dans la foul\u00e9e, le ministre des Affaires \u00e9trang\u00e8res Jean-No\u00ebl Barrot a <a href=\"https:\/\/x.com\/jnbarrot\/status\/1952037890155753683?ref_src=twsrc%5Etfw%7Ctwcamp%5Etweetembed%7Ctwterm%5E1952037890155753683%7Ctwgr%5Eb57c540ca0beaefd8651dcaa409117adc66a27dc%7Ctwcon%5Es1_&amp;ref_url=https%3A%2F%2Fwww.bfmtv.com%2Fgrand-lille%2Fl-etudiante-gazaouie-accusee-de-propos-antisemites-a-quitte-la-france-pour-le-qatar_AD-202508030247.html\" target=\"_blank\" rel=\"noreferrer\" title=\"https:\/\/x.com\/jnbarrot\/status\/1952037890155753683?ref_src=twsrc%5Etfw%7Ctwcamp%5Etweetembed%7Ctwterm%5E1952037890155753683%7Ctwgr%5Eb57c540ca0beaefd8651dcaa409117adc66a27dc%7Ctwcon%5Es1_&amp;ref_url=https%3A%2F%2Fwww.bfmtv.com%2Fgrand-lille%2Fl-etudiante-gazaouie-accusee-de-propos-antisemites-a-quitte-la-france-pour-le-qatar_AD-202508030247.html\">confirm\u00e9 l\u2019information sur le r\u00e9seau social X.<\/a> \u00abNour Attaalah a quitt\u00e9 le territoire national. Elle n\u2019y avait pas sa place\u00bb, a-t-il d\u00e9clar\u00e9.<\/p>\n<p class=\"sc-ksZaOG ehjQrN text-element\">La jeune femme, b\u00e9n\u00e9ficiaire d\u2019un visa \u00e9tudiant et d\u2019une bourse du gouvernement dans le cadre d\u2019un programme destin\u00e9 aux \u00e9tudiants gazaouis, devait int\u00e9grer Sciences Po Lille \u00e0 la rentr\u00e9e. Elle \u00e9tait arriv\u00e9e en France le 11 juillet, selon une source diplomatique fran\u00e7aise. Mais la d\u00e9couverte de publications appelant \u00e0 tuer les juifs sur les r\u00e9seaux sociaux ces deux derni\u00e8res ann\u00e9es, supprim\u00e9es depuis, <a href=\"https:\/\/www.liberation.fr\/societe\/education\/sciences-po-lille-letudiante-gazaouie-accusee-de-propos-antisemites-a-vocation-a-quitter-le-territoire-national-20250731_M5WBRUOXOFGNJKGAHOOTW6OJNQ\/\" target=\"_blank\" rel=\"noreferrer noopener\" title=\"https:\/\/www.liberation.fr\/societe\/education\/sciences-po-lille-letudiante-gazaouie-accusee-de-propos-antisemites-a-vocation-a-quitter-le-territoire-national-20250731_M5WBRUOXOFGNJKGAHOOTW6OJNQ\/\">a entra\u00een\u00e9 sa d\u00e9sinscription<\/a>. Dans la foul\u00e9e, une enqu\u00eate judiciaire pour apologie du terrorisme et apologie de crime contre l\u2019humanit\u00e9 a \u00e9t\u00e9 ouverte par le parquet de Lille.<\/p>\n<p class=\"sc-ksZaOG ehjQrN text-element\">L\u2019AFP n\u2019a pas \u00e9t\u00e9 en mesure de confirmer les captures d\u2019\u00e9cran attribu\u00e9es \u00e0 cette \u00e9tudiante par des internautes et des m\u00e9dias. Pour sa part, Sciences Po Lille avait indiqu\u00e9 mercredi que \u00ables propos sur les r\u00e9seaux sociaux de la jeune fille \u00e9taient confirm\u00e9s\u00bb, sans fournir plus de d\u00e9tails.<\/p>\n<p class=\"sc-ksZaOG ehjQrN text-element\">La vive pol\u00e9mique suscit\u00e9e par cette affaire a \u00e9galement amen\u00e9 Jean-No\u00ebl Barrot \u00e0 annoncer vendredi que la France gelait tous ses programmes d\u2019\u00e9vacuation depuis Gaza, dans l\u2019attente des conclusions d\u2019une enqu\u00eate sur les failles qui ont emp\u00each\u00e9 la d\u00e9tection de ces publications.<\/p>\n<p class=\"sc-ksZaOG ehjQrN text-element\">Interrog\u00e9 par l\u2019AFP, le Quai d\u2019Orsay n\u2019a n\u00e9anmoins pas pr\u00e9cis\u00e9 combien de personnes \u00e9taient concern\u00e9es par cette d\u00e9cision, invoquant des raisons de confidentialit\u00e9. Par ailleurs, \u00abtous les profils qui sont entr\u00e9s en France vont faire l\u2019objet d\u2019une nouvelle v\u00e9rification\u00bb, a ajout\u00e9 le minist\u00e8re, alors que la France a accueilli des centaines de Gazaouis depuis le d\u00e9clenchement de la guerre entre Isra\u00ebl et le mouvement islamiste palestinien Hamas.<\/p>\n","protected":false},"excerpt":{"rendered":"L\u2019\u00e9tudiante gazaouie arriv\u00e9e en France dans le cadre d\u2019une bourse d\u2019\u00e9tude &#8211; avant que ne soient r\u00e9v\u00e9l\u00e9es d\u2019anciennes&hellip;\n","protected":false},"author":2,"featured_media":294213,"comment_status":"","ping_status":"","sticky":false,"template":"","format":"standard","meta":{"footnotes":""},"categories":[2815],"tags":[1111,11,1777,674,1011,27,3517,811,1307,12,25],"class_list":{"0":"post-294212","1":"post","2":"type-post","3":"status-publish","4":"format-standard","5":"has-post-thumbnail","7":"category-lille","8":"tag-actu","9":"tag-actualites","10":"tag-eu","11":"tag-europe","12":"tag-fr","13":"tag-france","14":"tag-gaza-l-escalade","15":"tag-hauts-de-france","16":"tag-lille","17":"tag-news","18":"tag-republique-francaise"},"share_on_mastodon":{"url":"https:\/\/pubeurope.com\/@fr\/114966504808003287","error":""},"_links":{"self":[{"href":"https:\/\/www.europesays.com\/fr\/wp-json\/wp\/v2\/posts\/294212","targetHints":{"allow":["GET"]}}],"collection":[{"href":"https:\/\/www.europesays.com\/fr\/wp-json\/wp\/v2\/posts"}],"about":[{"href":"https:\/\/www.europesays.com\/fr\/wp-json\/wp\/v2\/types\/post"}],"author":[{"embeddable":true,"href":"https:\/\/www.europesays.com\/fr\/wp-json\/wp\/v2\/users\/2"}],"replies":[{"embeddable":true,"href":"https:\/\/www.europesays.com\/fr\/wp-json\/wp\/v2\/comments?post=294212"}],"version-history":[{"count":0,"href":"https:\/\/www.europesays.com\/fr\/wp-json\/wp\/v2\/posts\/294212\/revisions"}],"wp:featuredmedia":[{"embeddable":true,"href":"https:\/\/www.europesays.com\/fr\/wp-json\/wp\/v2\/media\/294213"}],"wp:attachment":[{"href":"https:\/\/www.europesays.com\/fr\/wp-json\/wp\/v2\/media?parent=294212"}],"wp:term":[{"taxonomy":"category","embeddable":true,"href":"https:\/\/www.europesays.com\/fr\/wp-json\/wp\/v2\/categories?post=294212"},{"taxonomy":"post_tag","embeddable":true,"href":"https:\/\/www.europesays.com\/fr\/wp-json\/wp\/v2\/tags?post=294212"}],"curies":[{"name":"wp","href":"https:\/\/api.w.org\/{rel}","templated":true}]}}