{"id":294214,"date":"2025-08-03T19:33:14","date_gmt":"2025-08-03T19:33:14","guid":{"rendered":"https:\/\/www.europesays.com\/fr\/294214\/"},"modified":"2025-08-03T19:33:14","modified_gmt":"2025-08-03T19:33:14","slug":"braderie-de-lille-2025-billets-ter-hauts-de-france-a-partir-de-2e","status":"publish","type":"post","link":"https:\/\/www.europesays.com\/fr\/294214\/","title":{"rendered":"Braderie de Lille 2025 : billets TER Hauts-de-France \u00e0 partir de 2\u20ac"},"content":{"rendered":"<p>\t\t\t<img width=\"660\" height=\"330\" src=\"https:\/\/www.europesays.com\/fr\/wp-content\/uploads\/2025\/08\/art_technicentre_hellemmes_2023_06-660x330.jpg\" class=\"attachment-slider size-slider wp-post-image\" alt=\"\" decoding=\"async\" fetchpriority=\"high\"  \/>\t\t<\/p>\n<p class=\"post-meta\">\n<p>\t<a href=\"https:\/\/www.zoomsurlille.fr\/author\/damien\" title=\"\" target=\"_blank\" rel=\"noopener\">Damien <\/a><\/p>\n<p>\t3 ao\u00fbt 2025<br \/>\n\t<a href=\"https:\/\/www.zoomsurlille.fr\/actualites\" rel=\"category tag noopener\" target=\"_blank\">Actualit\u00e9s<\/a><\/p>\n<p style=\"text-align: justify;\">Le meilleur moyen de se rendre \u00e0 la <a href=\"https:\/\/www.zoomsurlille.fr\/tag\/braderie-de-lille-2025\" target=\"_blank\" rel=\"noopener\"><strong>Braderie de Lille<\/strong><\/a> en venant de l\u2019ext\u00e9rieur de la m\u00e9tropole lilloise ? <strong>Venez en TER Hauts-de-France ! <\/strong> A cette occasion, <strong>la SNCF <\/strong>propose des<strong> petits prix de 2\u20ac \u00e0 20\u20ac<\/strong> <strong>par personne<\/strong> et <strong>par trajet,<\/strong> au <strong>d\u00e9part d\u2019une gare de la r\u00e9gion Hauts-de-France<\/strong> \u00e0 <strong>destination de Lille.<\/strong> A noter que les billets sont <strong>valables le 06 ou le 07 septembre 2025,<\/strong> <strong>non \u00e9changeable, non remboursable.<\/strong><\/p>\n<p><img loading=\"lazy\" decoding=\"async\" width=\"9\" height=\"9\" class=\"alignnone size-full wp-image-13185 tie-appear\" src=\"https:\/\/www.europesays.com\/fr\/wp-content\/uploads\/2025\/04\/1744100656_185_arrow.png\" alt=\"Puce\"\/> <a href=\"https:\/\/www.ter.sncf.com\/hauts-de-france\" target=\"_blank\" rel=\"noreferrer noopener\">Site internet des TER Hauts-de-France<\/a><\/p>\n<p><img loading=\"lazy\" decoding=\"async\" width=\"9\" height=\"9\" src=\"https:\/\/www.europesays.com\/fr\/wp-content\/uploads\/2025\/04\/arrow.png\" alt=\"\"\/> <a href=\"https:\/\/www.zoomsurlille.fr\/tag\/braderie-de-lille-2024\" target=\"_blank\" rel=\"noreferrer noopener\">Retrouvez tous nos articles sur la Braderie de Lille 2025<\/a><\/p>\n<p class=\"has-text-align-right\">Source : TER Hauts-de-France \u2013 Photo : \u00a9 Zoom Sur Lille<\/p>\n<p>\t\t<a href=\"#\" id=\"check-also-close\"><\/a><\/p>\n<p>\n\t\t\tA lire \u00e9galement !\n\t\t<\/p>\n<p>\t\t\t\t<a href=\"https:\/\/www.zoomsurlille.fr\/actualites\/la-braderie-de-lille-2025-cest-aussi-a-wazemmes\" target=\"_blank\" rel=\"noopener\"><br \/>\n\t\t\t\t\t<img width=\"310\" height=\"165\" src=\"https:\/\/www.europesays.com\/fr\/wp-content\/uploads\/2025\/08\/braderie_mars2017-310x165.jpg\" class=\"attachment-tie-medium size-tie-medium wp-post-image\" alt=\"\" decoding=\"async\" loading=\"lazy\"\/><br \/>\n\t\t\t\t<\/a><\/p>\n<p>Wazemmes participe \u00e0 la grande Braderie de Lille ! Une braderie est organis\u00e9e le samedi \u2026<\/p>\n","protected":false},"excerpt":{"rendered":"Damien 3 ao\u00fbt 2025 Actualit\u00e9s Le meilleur moyen de se rendre \u00e0 la Braderie de Lille en venant&hellip;\n","protected":false},"author":2,"featured_media":294215,"comment_status":"","ping_status":"","sticky":false,"template":"","format":"standard","meta":{"footnotes":""},"categories":[2815],"tags":[1111,11,18703,40565,1777,674,1011,27,811,1307,12,25,6472,43409,5811],"class_list":{"0":"post-294214","1":"post","2":"type-post","3":"status-publish","4":"format-standard","5":"has-post-thumbnail","7":"category-lille","8":"tag-actu","9":"tag-actualites","10":"tag-braderie-de-lille","11":"tag-braderie-de-lille-2025","12":"tag-eu","13":"tag-europe","14":"tag-fr","15":"tag-france","16":"tag-hauts-de-france","17":"tag-lille","18":"tag-news","19":"tag-republique-francaise","20":"tag-ter","21":"tag-ter-hauts-de-france","22":"tag-trains"},"share_on_mastodon":{"url":"https:\/\/pubeurope.com\/@fr\/114966508777656954","error":""},"_links":{"self":[{"href":"https:\/\/www.europesays.com\/fr\/wp-json\/wp\/v2\/posts\/294214","targetHints":{"allow":["GET"]}}],"collection":[{"href":"https:\/\/www.europesays.com\/fr\/wp-json\/wp\/v2\/posts"}],"about":[{"href":"https:\/\/www.europesays.com\/fr\/wp-json\/wp\/v2\/types\/post"}],"author":[{"embeddable":true,"href":"https:\/\/www.europesays.com\/fr\/wp-json\/wp\/v2\/users\/2"}],"replies":[{"embeddable":true,"href":"https:\/\/www.europesays.com\/fr\/wp-json\/wp\/v2\/comments?post=294214"}],"version-history":[{"count":0,"href":"https:\/\/www.europesays.com\/fr\/wp-json\/wp\/v2\/posts\/294214\/revisions"}],"wp:featuredmedia":[{"embeddable":true,"href":"https:\/\/www.europesays.com\/fr\/wp-json\/wp\/v2\/media\/294215"}],"wp:attachment":[{"href":"https:\/\/www.europesays.com\/fr\/wp-json\/wp\/v2\/media?parent=294214"}],"wp:term":[{"taxonomy":"category","embeddable":true,"href":"https:\/\/www.europesays.com\/fr\/wp-json\/wp\/v2\/categories?post=294214"},{"taxonomy":"post_tag","embeddable":true,"href":"https:\/\/www.europesays.com\/fr\/wp-json\/wp\/v2\/tags?post=294214"}],"curies":[{"name":"wp","href":"https:\/\/api.w.org\/{rel}","templated":true}]}}