{"id":294220,"date":"2025-08-03T19:36:15","date_gmt":"2025-08-03T19:36:15","guid":{"rendered":"https:\/\/www.europesays.com\/fr\/294220\/"},"modified":"2025-08-03T19:36:15","modified_gmt":"2025-08-03T19:36:15","slug":"lyon-le-sotavento-big-band-en-concert-au-temple-du-change-ce-lundi-4-aout","status":"publish","type":"post","link":"https:\/\/www.europesays.com\/fr\/294220\/","title":{"rendered":"Lyon. Le Sotavento Big Band en concert au Temple du change ce lundi 4\u00a0ao\u00fbt"},"content":{"rendered":"<p>Le jazz continue de r\u00e9sonner dans le Vieux-Lyon malgr\u00e9 les vents contraires. Le Sotavento Big Band, formation embl\u00e9matique adoub\u00e9e par l\u2019accord\u00e9oniste Richard Galliano, venue tout droit de Buenos Aires (Argentine), se produira le lundi 4\u00a0ao\u00fbt au Temple du Change au plein c\u0153ur du quartier historique de Lyon. Le concert exceptionnel, aux accents chauds et vibrants du jazz et du tango, se veut un geste de solidarit\u00e9.<\/p>\n<p>Ce contenu est bloqu\u00e9 car vous n&rsquo;avez pas accept\u00e9 les cookies et autres traceurs.<\/p>\n<p>En cliquant sur \u00ab J\u2019accepte \u00bb, les cookies et autres traceurs seront d\u00e9pos\u00e9s et vous pourrez visualiser les contenus  (<a href=\"\" class=\"consentModule_policy\" target=\"_blank\" title=\"Consulter la politique de protection des donn\u00e9es du fournisseur\">plus d&rsquo;informations<\/a>).<\/p>\n<p>En cliquant sur \u00ab J\u2019accepte tous les cookies \u00bb, vous autorisez des d\u00e9p\u00f4ts de cookies et autres traceurs pour le stockage de vos donn\u00e9es sur nos sites et applications \u00e0 des fins de personnalisation et de ciblage publicitaire.<\/p>\n<p class=\"consentModule_secondaryText\">Vous gardez la possibilit\u00e9 de retirer votre consentement \u00e0 tout moment en consultant notre <a href=\"https:\/\/www.leprogres.fr\/protection-des-donnees\" target=\"_blank\" title=\"Consulter notre politique de protection des donn\u00e9es\" rel=\"noopener\">politique de protection des donn\u00e9es<\/a>. <br \/>&#13;<br \/>\n            <a href=\"https:\/\/www.leprogres.fr\/culture-loisirs\/2025\/08\/03\/javascript:Didomi.notice.show()\" class=\"consentModule_cmp\" target=\"_blank\" rel=\"noopener\">G\u00e9rer mes choix<\/a>&#13;\n        <\/p>\n<p>&#13;<br \/>\n                        J&rsquo;accepte&#13;<br \/>\n            J&rsquo;accepte tous les cookies&#13;\n        <\/p>\n<p>En partenariat avec les Loges de Saint-Georges et le Caf\u00e9 203, le <a href=\"https:\/\/www.leprogres.fr\/culture-loisirs\/2025\/07\/31\/du-jazz-argentin-pour-sauver-le-festival-jazz-sur-les-places\" target=\"_blank\" rel=\"noopener\">saxophoniste Gustavo Firmenich<\/a>, entendu lors de la pr\u00e9c\u00e9dente \u00e9dition avec le Tango Jazz Quartet, a choisi d\u2019apporter son soutien \u00e0 l\u2019association du festival Jazz sur les places, dont la 15 e \u00e9dition &#8211; initialement pr\u00e9vue du 18 au 23\u00a0septembre place Beno\u00eet-Cr\u00e9pu &#8211; a d\u00fb \u00eatre annul\u00e9e \u00e0 la suite des coupes budg\u00e9taires de la R\u00e9gion.<\/p>\n<p>  Les ma\u00eetres du Tango \u00e0 l\u2019honneur<\/p>\n<p>Cr\u00e9\u00e9 par Philippe Dechevre et ancr\u00e9 dans le patrimoine culturel de Lyon depuis plus d\u2019une d\u00e9cennie, le festival a programm\u00e9 90 concerts en libre acc\u00e8s et accueilli pas moins de 360 musiciens locaux et internationaux qui ont fait vibrer les pav\u00e9s du quartier Saint-Georges et pr\u00e8s de 4\u00a0000 spectateurs l\u2019ann\u00e9e derni\u00e8re. Son annulation, symbole des tensions qui p\u00e8sent sur le financement des \u00e9v\u00e9nements culturels, n\u2019a pas laiss\u00e9 indiff\u00e9rents les Argentins actuellement en tourn\u00e9e en Europe.<\/p>\n<p>Le Sotavento Big Band, reconnu pour son \u00e9nergie communicative et ses reprises flamboyantes des grands ma\u00eetres du tango comme Carlos Gardel ou Astor Piazzolla, m\u00eale avec brio le jazz traditionnel aux influences latino-am\u00e9ricaines. La pr\u00e9sence des Argentins \u00e0 Lyon promet une soir\u00e9e intense, entre virtuosit\u00e9 et engagement, pour que le jazz continue de vivre sur la place du Vieux-Lyon. Un rendez-vous \u00e0 ne pas manquer, o\u00f9 la musique devient un acte de r\u00e9sistance culturelle.<\/p>\n<p class=\"note\">Lundi 4\u00a0ao\u00fbt \u00e0 21\u00a0h au Temple du Change, place du Change (Lyon 5e). Participation libre (minimum 8\u00a0\u20ac). Possibilit\u00e9 de faire un don sans participer au concert sur\u00a0<a href=\"http:\/\/www.kagnotte.com\/k\/11613.html\" target=\"_blank\" rel=\"noopener\">www.kagnotte.com<\/a>.<\/p>\n","protected":false},"excerpt":{"rendered":"Le jazz continue de r\u00e9sonner dans le Vieux-Lyon malgr\u00e9 les vents contraires. Le Sotavento Big Band, formation embl\u00e9matique&hellip;\n","protected":false},"author":2,"featured_media":294221,"comment_status":"","ping_status":"","sticky":false,"template":"","format":"standard","meta":{"footnotes":""},"categories":[1889],"tags":[1111,11,2430,1687,2757,1777,674,1011,27,2428,15658,15657,873,12,25],"class_list":{"0":"post-294220","1":"post","2":"type-post","3":"status-publish","4":"format-standard","5":"has-post-thumbnail","7":"category-lyon","8":"tag-actu","9":"tag-actualites","10":"tag-auvergne-rhone-alpes","11":"tag-culture-loisirs","12":"tag-edition-lyon-villeurbanne","13":"tag-eu","14":"tag-europe","15":"tag-fr","16":"tag-france","17":"tag-lyon","18":"tag-lyon-5e","19":"tag-lyon-5e-arrondissement","20":"tag-musique","21":"tag-news","22":"tag-republique-francaise"},"share_on_mastodon":{"url":"https:\/\/pubeurope.com\/@fr\/114966520365345033","error":""},"_links":{"self":[{"href":"https:\/\/www.europesays.com\/fr\/wp-json\/wp\/v2\/posts\/294220","targetHints":{"allow":["GET"]}}],"collection":[{"href":"https:\/\/www.europesays.com\/fr\/wp-json\/wp\/v2\/posts"}],"about":[{"href":"https:\/\/www.europesays.com\/fr\/wp-json\/wp\/v2\/types\/post"}],"author":[{"embeddable":true,"href":"https:\/\/www.europesays.com\/fr\/wp-json\/wp\/v2\/users\/2"}],"replies":[{"embeddable":true,"href":"https:\/\/www.europesays.com\/fr\/wp-json\/wp\/v2\/comments?post=294220"}],"version-history":[{"count":0,"href":"https:\/\/www.europesays.com\/fr\/wp-json\/wp\/v2\/posts\/294220\/revisions"}],"wp:featuredmedia":[{"embeddable":true,"href":"https:\/\/www.europesays.com\/fr\/wp-json\/wp\/v2\/media\/294221"}],"wp:attachment":[{"href":"https:\/\/www.europesays.com\/fr\/wp-json\/wp\/v2\/media?parent=294220"}],"wp:term":[{"taxonomy":"category","embeddable":true,"href":"https:\/\/www.europesays.com\/fr\/wp-json\/wp\/v2\/categories?post=294220"},{"taxonomy":"post_tag","embeddable":true,"href":"https:\/\/www.europesays.com\/fr\/wp-json\/wp\/v2\/tags?post=294220"}],"curies":[{"name":"wp","href":"https:\/\/api.w.org\/{rel}","templated":true}]}}