{"id":294222,"date":"2025-08-03T19:37:11","date_gmt":"2025-08-03T19:37:11","guid":{"rendered":"https:\/\/www.europesays.com\/fr\/294222\/"},"modified":"2025-08-03T19:37:11","modified_gmt":"2025-08-03T19:37:11","slug":"sainte-foy-les-lyon-la-formation-et-le-haut-niveau-au-centre-du-projet-de-lyon-so-basket","status":"publish","type":"post","link":"https:\/\/www.europesays.com\/fr\/294222\/","title":{"rendered":"Sainte-Foy-l\u00e8s-Lyon. La formation et le haut niveau au centre du projet de Lyon So Basket"},"content":{"rendered":"<p>Dans le sillage de sa section professionnelle (N1), la CTC Lyon So Basket allie la formation d\u00e8s le plus jeune \u00e2ge et le haut niveau avec notamment trois \u00e9quipes en championnat de France. Chez les seniors, la Nationale 3 a fini \u00e0 la 5e place de sa poule, passant tout pr\u00e8s du podium. Le groupe s\u2019appuie notamment sur d\u2019anciens et d\u2019actuels U18 du club qui \u00e9voluent en \u00e9lite. Ces derniers ont justement atteint le groupe A de la cat\u00e9gorie avec un record de victoires \u00e0 la clef. Quant aux U15, eux aussi au plus haut niveau national, ils sont pass\u00e9s tout pr\u00e8s d\u2019une qualification en final four.<\/p>\n","protected":false},"excerpt":{"rendered":"Dans le sillage de sa section professionnelle (N1), la CTC Lyon So Basket allie la formation d\u00e8s le&hellip;\n","protected":false},"author":2,"featured_media":294223,"comment_status":"","ping_status":"","sticky":false,"template":"","format":"standard","meta":{"footnotes":""},"categories":[1889],"tags":[1111,11,2430,1791,3154,1777,674,1011,27,2428,12,25,15673,15674,517],"class_list":{"0":"post-294222","1":"post","2":"type-post","3":"status-publish","4":"format-standard","5":"has-post-thumbnail","7":"category-lyon","8":"tag-actu","9":"tag-actualites","10":"tag-auvergne-rhone-alpes","11":"tag-basket-ball","12":"tag-edition-sud-lyonnais","13":"tag-eu","14":"tag-europe","15":"tag-fr","16":"tag-france","17":"tag-lyon","18":"tag-news","19":"tag-republique-francaise","20":"tag-sainte-foy-les-lyon","21":"tag-sainte-foy-les-lyon-bassin","22":"tag-sport"},"share_on_mastodon":{"url":"https:\/\/pubeurope.com\/@fr\/114966524258510293","error":""},"_links":{"self":[{"href":"https:\/\/www.europesays.com\/fr\/wp-json\/wp\/v2\/posts\/294222","targetHints":{"allow":["GET"]}}],"collection":[{"href":"https:\/\/www.europesays.com\/fr\/wp-json\/wp\/v2\/posts"}],"about":[{"href":"https:\/\/www.europesays.com\/fr\/wp-json\/wp\/v2\/types\/post"}],"author":[{"embeddable":true,"href":"https:\/\/www.europesays.com\/fr\/wp-json\/wp\/v2\/users\/2"}],"replies":[{"embeddable":true,"href":"https:\/\/www.europesays.com\/fr\/wp-json\/wp\/v2\/comments?post=294222"}],"version-history":[{"count":0,"href":"https:\/\/www.europesays.com\/fr\/wp-json\/wp\/v2\/posts\/294222\/revisions"}],"wp:featuredmedia":[{"embeddable":true,"href":"https:\/\/www.europesays.com\/fr\/wp-json\/wp\/v2\/media\/294223"}],"wp:attachment":[{"href":"https:\/\/www.europesays.com\/fr\/wp-json\/wp\/v2\/media?parent=294222"}],"wp:term":[{"taxonomy":"category","embeddable":true,"href":"https:\/\/www.europesays.com\/fr\/wp-json\/wp\/v2\/categories?post=294222"},{"taxonomy":"post_tag","embeddable":true,"href":"https:\/\/www.europesays.com\/fr\/wp-json\/wp\/v2\/tags?post=294222"}],"curies":[{"name":"wp","href":"https:\/\/api.w.org\/{rel}","templated":true}]}}