{"id":294224,"date":"2025-08-03T19:39:10","date_gmt":"2025-08-03T19:39:10","guid":{"rendered":"https:\/\/www.europesays.com\/fr\/294224\/"},"modified":"2025-08-03T19:39:10","modified_gmt":"2025-08-03T19:39:10","slug":"quelles-perturbations-prevoir-pour-la-ratp-et-la-sncf-cette-semaine-28","status":"publish","type":"post","link":"https:\/\/www.europesays.com\/fr\/294224\/","title":{"rendered":"Quelles perturbations pr\u00e9voir pour la RATP et la SNCF cette semaine\u00a0?"},"content":{"rendered":"<p>Comme chaque semaine, des travaux perturbent les lignes de transport parisiennes et franciliennes. Du 4 au 10\u00a0ao\u00fbt 2025, les voyageurs devront appr\u00e9hender plusieurs changements, notamment sur la ligne 9 du m\u00e9tro, ferm\u00e9e une partie de la semaine.<\/p>\n<p>Les perturbations sur les lignes parisiennes SNCF et RATP, du 4 au 10\u00a0ao\u00fbt 2025M\u00e9tro<\/p>\n<ul>\n<li>Ligne 6\u00a0: jusqu\u2019au 28\u00a0septembre, l\u2019arr\u00eat ne sera pas desservi \u00e0 Cambronne (travaux).<\/li>\n<li>Ligne 9\u00a0: du lundi 4\u00a0ao\u00fbt d\u00e8s 22h45 jusqu\u2019au vendredi 8\u00a0ao\u00fbt inclus, le trafic sera interrompu sur l\u2019ensemble de la ligne (travaux).<\/li>\n<li>Ligne 12\u00a0: jusqu\u2019au 7\u00a0ao\u00fbt, le trafic est interrompu entre Montparnasse Bienvenue et Mairie d\u2019Issy (travaux). Un service de bus de remplacement est mis en place<\/li>\n<li>Ligne 13\u00a0: jusqu\u2019au 31\u00a0ao\u00fbt, les acc\u00e8s aux stations Gabriel P\u00e9ri et Pernety sont ferm\u00e9s<\/li>\n<li>Ligne 14\u00a0: du lundi\u00a04 au vendredi 8\u00a0ao\u00fbt, le trafic sera interrompu sur l\u2019ensemble de la ligne (travaux). Un service de bus de remplacement est mis en place entre Gare de Lyon et Olympiades. Pour vous rendre \u00e0 l\u2019a\u00e9roport d\u2019Orly, prendre la ligne de m\u00e9tro 7 et le tramway T7.<\/li>\n<\/ul>\n<p>RER<\/p>\n<ul>\n<li>RER A\u00a0: du 9\u00a0ao\u00fbt au 22\u00a0ao\u00fbt, le trafic sera interrompu entre Saint-Germain-en-Laye et Le\u00a0V\u00e9sinet \u2013 Le Pecq (travaux). Le vendredi 8\u00a0ao\u00fbt, le trafic sera interrompu entre Saint-Germain-en-Laye et Rueil-Malmaison d\u00e8s 22h30. Un service de bus de remplacement est mis en place.<\/li>\n<li><a href=\"https:\/\/www.20minutes.fr\/dossier\/rer_b\" class=\"color-ultramarine c-link\" target=\"_blank\" rel=\"noopener\">RER B<\/a>\u00a0: jusqu\u2019au 12\u00a0ao\u00fbt, du lundi au vendredi \u00e0 partir de 22h45, le trafic sera interrompu entre Denfert-Rochereau et A\u00e9roport CDG2 &#8211; Mitry-Claye (travaux). En raison de travaux jusqu\u2019au 27\u00a0ao\u00fbt inclus\u200b\u200b, le trafic sera interrompu entre Massy \u2013 Palaiseau et La Croix de Berny.<\/li>\n<li>RER C\u00a0: jusqu\u2019au 23\u00a0ao\u00fbt, le trafic sera interrompu entre Gare d\u2019Austerlitz et <a href=\"https:\/\/www.20minutes.fr\/dossier\/pontoise\" class=\"color-ultramarine c-link\" target=\"_blank\" rel=\"noopener\">Pontoise<\/a> et Versailles Ch\u00e2teau Rive Gauche &#8211; Saint-Quentin en Yvelines (travaux). Le trafic sra interrompu entre Massy-Palaiseau et Pont de Rungis. Un service de bus de remplacement sera mis en place, avec desserte des gares interm\u00e9diaires. Jusqu\u2019au vendredi 22\u00a0ao\u00fbt, le trafic sera interrompu ente Paris Austerlitz et Juvisy via Choisy le Roi. Un service de bus de remplacement sera mis en place (travaux). Jusqu\u2019au vendredi 22\u00a0ao\u00fbt, le trafic est interrompu entre St-Quentin en Yvelines et Paris Austerlitz. Lignes de train, RER, M\u00e9tro, Tramway ou bus de ville \u00e0 cause de travaux d\u2019\u00e9t\u00e9. Jusqu\u2019au 23\u00a0ao\u00fbt, l\u2019arr\u00eat ne sera pas desservi \u00e0 Saint-Michel \u2013 Notre-Dame (travaux).<\/li>\n<li><a href=\"https:\/\/www.20minutes.fr\/dossier\/rer_d\" class=\"color-ultramarine c-link\" target=\"_blank\" rel=\"noopener\">RER D<\/a>\u00a0: lundi\u00a04, mardi\u00a05, vendredi\u00a08 et samedi 9\u00a0ao\u00fbt, le trafic sera interrompu entre Orry la Ville et Creil d\u00e8s 22 heures. Jusqu\u2019au vendredi 29\u00a0ao\u00fbt, le trafic est interrompu entre Creil et Ch\u00e2telet Les Halles \u00e0 partir de 23h35. Jusqu\u2019au vendredi 29\u00a0ao\u00fbt, en semaine, le trafic sera interrompu entre Villeneuve S Georges et Corbeil-Essonnes d\u00e8s 23h15. Un service de bus de remplacement sera mis en place (travaux). Jusqu\u2019au jeudi 14\u00a0ao\u00fbt, le trafic sera interrompu entre Paris Gare de Lyon et Melun d\u00e8s 22h50. Un service de bus de remplacement sera mis en place, avec desserte des gares interm\u00e9diaires. Jusqu\u2019au 14\u00a0ao\u00fbt, du lundi au vendredi d\u00e8s 23h20, le trafic sera interrompu entre Gare du Nord et Creil (travaux). En semaine, de 9h30 \u00e0 16 heures, jusqu\u2019au 29\u00a0ao\u00fbt, le trafic est ralenti entre Combs-la-Ville \u2013 Quincy et Melun. Seul un train sur deux circulera entre les gares de Combes la Ville et Melun (travaux). Jusqu\u2019au vendredi 8\u00a0ao\u00fbt, d\u00e8s 23h15, les gares entre Paris Gare de Lyon et Villeneuve S Georges ne seront pas desservies (travaux).<\/li>\n<li>RER E\u00a0: jusqu\u2019au 17\u00a0ao\u00fbt, le trafic sera interrompu entre Nanterre-La-Folie et Tournan d\u00e8s 22h10. Des bus circulent \u00e9galement entre Rosny-Bois-Perrier et Noisy-le-Grand Mont-d\u2019Est <a href=\"https:\/\/www.20minutes.fr\/societe\/rer\/\" class=\"color-ultramarine c-link\" target=\"_blank\" rel=\"noopener\">RER<\/a> A. Samedi\u00a09 et dimanche 10\u00a0ao\u00fbt, le trafic sera interrompu entre Nanterre-la-Folie et Chelles Gournay d\u00e8s 22h45. Jusqu\u2019au 17\u00a0ao\u00fbt, 1 train sur 2 circule entre Nanterre-la-Folie et Villiers-sur-Marne. P\u00e9riode\u00a0: en semaine aux heures de pointe Dates\u00a0: du lundi 28\u00a0juillet au vendredi 15\u00a0ao\u00fbt De 6h00 \u00e0 9h00, 1 train sur 2 circule de Tournan vers Nanterre-la-Folie. De 16h45 \u00e0 120h00, 1 train sur 2 circule de Nanterre-la-Folie vers Tournan (travaux).<\/li>\n<\/ul>\n<p>Transilien<\/p>\n<ul>\n<li>Ligne H\u00a0: samedi\u00a09 et dimanche 10\u00a0ao\u00fbt, le trafic sera interrompu entre Paris Gare du Nord et <a href=\"https:\/\/www.20minutes.fr\/societe\/sarcelles\/\" class=\"color-ultramarine c-link\" target=\"_blank\" rel=\"noopener\">Sarcelles<\/a> \u2013 Saint-Brice (travaux). Jusqu\u2019au 26\u00a0septembre, le trafic sera interrompu entre Paris Gare du Nord et Luzarches en soir\u00e9e (travaux). Il en va de m\u00eame entre Paris du Nord et Persan-Beaumont.<\/li>\n<li>Ligne J\u00a0: jusqu\u2019au vendredi 4\u00a0ao\u00fbt, d\u00e8s 21h40, le trafic sera interrompu entre Gare Saint-Lazare et Mantes-la-Jolie via Poissy. Un service de bus de remplacement est mis en place. Jusqu\u2019au 8\u00a0ao\u00fbt, \u00e0 partir de 21h15, le trafic sera interrompu entre Mantes-la-Jolie et Issou \u2013 Porcheville vers Vernon \u2013 Giverny et Gare Saint-Lazare. Un service de bus de remplacement est mis en place.<\/li>\n<li>Ligne K\u00a0: jusqu\u2019au 19\u00a0d\u00e9cembre, en soir\u00e9e, le trafic sera interrompu entre Paris Gare du Nord et Cr\u00e9py-en-Valois.<\/li>\n<li>Ligne N\u00a0: jusqu\u2019au 29\u00a0ao\u00fbt, en semaine, d\u00e8s 22h30, le trafic sera interrompu entre Paris Montparnasse et <a href=\"https:\/\/www.20minutes.fr\/dossier\/rambouillet\" class=\"color-ultramarine c-link\" target=\"_blank\" rel=\"noopener\">Rambouillet<\/a> (travaux). Jusqu\u2019au 29\u00a0ao\u00fbt, en semaine, d\u00e8s 21 heures, le trafic sera interrompu entre Paris Montparnasse et Dreux (travaux). M\u00eame chose entre Montparnasse et Plaisir-Grignon d\u00e8s 21h30.<\/li>\n<li>Ligne P\u00a0: jusqu\u2019au vendredi 15\u00a0ao\u00fbt, en semaine, d\u00e8s 20h45, le trafic sera interrompu entre Paris Est et Provins (travaux). Samedi\u00a09 et dimanche 10\u00a0ao\u00fbt, d\u00e8s 21h45, le trafic est interrompu entre Paris Est et Provins (travaux). Le trafic sera interrompu entre Paris Est et Coulommiers \u00e0 partir de 21h30 jusqu\u2019au dimanche 17\u00a0ao\u00fbt. Jusqu\u2019au vendredi 8\u00a0ao\u00fbt, le trafic sera interrompu entre Meaux et La Fert\u00e9-Milon. Samedi 9\u00a0ao\u00fbt, d\u00e8s 22h50, le trafic sera interrompu entre Paris Est et <a href=\"https:\/\/www.20minutes.fr\/dossier\/meaux\" class=\"color-ultramarine c-link\" target=\"_blank\" rel=\"noopener\">Meaux<\/a>. M\u00eame chose en semaine d\u00e8s 22h20 jusqu\u2019au vendredi 29\u00a0ao\u00fbt. Jusqu\u2019au vendredi 29\u00a0ao\u00fbt, d\u00e8s 22 heures, le trafic sera interrompu entre Paris Est et Ch\u00e2teau-Thierry.<\/li>\n<li>Ligne R\u00a0: jusqu\u2019au 14\u00a0ao\u00fbt, en semaine, le trafic sera interrompu entre Paris Gare de Lyon et Montereau via Moret Veneux les S \u00e0 partir de 22h30. M\u00eame chose entre Paris <a href=\"https:\/\/www.20minutes.fr\/dossier\/gare_de_lyon\" class=\"color-ultramarine c-link\" target=\"_blank\" rel=\"noopener\">Gare de Lyon<\/a> et Montargis \u00e0 partir de 22h10. Le trafic sera interrompu entre Melun et Montereau via H\u00e9ricy jusqu\u2019au 29\u00a0ao\u00fbt en semaine de 10h20 \u00e0 15h25.<\/li>\n<li>Ligne U\u00a0: jusqu\u2019au vendredi 29\u00a0ao\u00fbt, en semaine d\u00e8s 21h30, le trafic sera interrompu entre La D\u00e9fense et La Verri\u00e8re.<\/li>\n<\/ul>\n<p>Tramway<\/p>\n<ul>\n<li>T1\u00a0: le trafic sera interrompu entre Asni\u00e8res \u2013 Quatre Routes et Gare de Saint-Denis et perturb\u00e9 sur le reste de la ligne en raison d\u2019une d\u00e9gradation par un tiers \u00e0 L\u2019\u00cele-Saint-Denis. Aucune reprise n\u2019est pr\u00e9vue jusqu\u2019\u00e0 nouvel ordre.<\/li>\n<li>T2\u00a0: jusqu\u2019\u00e0 fin f\u00e9vrier\u00a02026, le trafic sera interrompu entre Porte de Versailles et Suzanne Lenglen (travaux). Pour rejoindre la Porte de Versailles, depuis Suzanne Lenglen, rejoignez \u00e0 pied la station Balard du T3a.<\/li>\n<\/ul>\n","protected":false},"excerpt":{"rendered":"Comme chaque semaine, des travaux perturbent les lignes de transport parisiennes et franciliennes. Du 4 au 10\u00a0ao\u00fbt 2025,&hellip;\n","protected":false},"author":2,"featured_media":294225,"comment_status":"","ping_status":"","sticky":false,"template":"","format":"standard","meta":{"footnotes":""},"categories":[1592],"tags":[1111,11,1777,674,1011,27,662,12,626,625,1306,25,2215],"class_list":{"0":"post-294224","1":"post","2":"type-post","3":"status-publish","4":"format-standard","5":"has-post-thumbnail","7":"category-ile-de-france","8":"tag-actu","9":"tag-actualites","10":"tag-eu","11":"tag-europe","12":"tag-fr","13":"tag-france","14":"tag-ile-de-france","15":"tag-news","16":"tag-paris","17":"tag-ratp","18":"tag-regions","19":"tag-republique-francaise","20":"tag-sncf"},"share_on_mastodon":{"url":"https:\/\/pubeurope.com\/@fr\/114966532140857085","error":""},"_links":{"self":[{"href":"https:\/\/www.europesays.com\/fr\/wp-json\/wp\/v2\/posts\/294224","targetHints":{"allow":["GET"]}}],"collection":[{"href":"https:\/\/www.europesays.com\/fr\/wp-json\/wp\/v2\/posts"}],"about":[{"href":"https:\/\/www.europesays.com\/fr\/wp-json\/wp\/v2\/types\/post"}],"author":[{"embeddable":true,"href":"https:\/\/www.europesays.com\/fr\/wp-json\/wp\/v2\/users\/2"}],"replies":[{"embeddable":true,"href":"https:\/\/www.europesays.com\/fr\/wp-json\/wp\/v2\/comments?post=294224"}],"version-history":[{"count":0,"href":"https:\/\/www.europesays.com\/fr\/wp-json\/wp\/v2\/posts\/294224\/revisions"}],"wp:featuredmedia":[{"embeddable":true,"href":"https:\/\/www.europesays.com\/fr\/wp-json\/wp\/v2\/media\/294225"}],"wp:attachment":[{"href":"https:\/\/www.europesays.com\/fr\/wp-json\/wp\/v2\/media?parent=294224"}],"wp:term":[{"taxonomy":"category","embeddable":true,"href":"https:\/\/www.europesays.com\/fr\/wp-json\/wp\/v2\/categories?post=294224"},{"taxonomy":"post_tag","embeddable":true,"href":"https:\/\/www.europesays.com\/fr\/wp-json\/wp\/v2\/tags?post=294224"}],"curies":[{"name":"wp","href":"https:\/\/api.w.org\/{rel}","templated":true}]}}