{"id":294226,"date":"2025-08-03T19:40:13","date_gmt":"2025-08-03T19:40:13","guid":{"rendered":"https:\/\/www.europesays.com\/fr\/294226\/"},"modified":"2025-08-03T19:40:13","modified_gmt":"2025-08-03T19:40:13","slug":"le-hamas-nautorisera-lacces-de-la-croix-rouge-aux-otages-que-si-des-couloirs-humanitaires-sont-ouverts","status":"publish","type":"post","link":"https:\/\/www.europesays.com\/fr\/294226\/","title":{"rendered":"le Hamas n&rsquo;autorisera l&rsquo;acc\u00e8s de la Croix-Rouge aux otages que si des couloirs humanitaires sont ouverts"},"content":{"rendered":"\n<p class=\"c-chapo \">\n  Le Premier ministre isra\u00e9lien a sollicit\u00e9 dimanche l&rsquo;aide du CICR pour fournir \u00ab\u00a0nourriture\u00a0\u00bb et \u00ab\u00a0traitement m\u00e9dical\u00a0\u00bb aux otages isra\u00e9liens dans la bande de Gaza.\n<\/p>\n<p>            lire plus tard<\/p>\n<p id=\"dialog__title\" class=\"dialog__title\">Pour sauvegarder cet article, connectez-vous ou cr\u00e9ez un compte franceinfo<\/p>\n<p class=\"dialog__description\">Sans paiement. Sans abonnement.<\/p>\n<p>        Fermer la fen\u00eatre d\u2019activation des notifications France Info<\/p>\n<p>            cr\u00e9er votre compte<\/p>\n<p>            se connecter<\/p>\n<p>        Fermer la fen\u00eatre de pr\u00e9sentation<\/p>\n<p>    <img loading=\"lazy\" decoding=\"async\" class=\"signature__image lazyload\" width=\"100\" height=\"100\" data- alt=\"\" src=\"https:\/\/www.europesays.com\/fr\/wp-content\/uploads\/2025\/05\/64a68815cd1a7_placeholder-36b69ec8.png\"\/><\/p>\n<p>    Publi\u00e9 le 03\/08\/2025 20:54<\/p>\n<p>      Mis \u00e0 jour le 03\/08\/2025 21:28<\/p>\n<p>        Temps de lecture : 2min<\/p>\n<p>    <img decoding=\"async\"  alt=\"Le si\u00e8ge du Comit\u00e9 international de la Croix-Rouge \u00e0 Gen\u00e8ve, en Suisse. (BENJAMIN POLGE \/ HANS LUCAS \/ AFP)\" width=\"432\" height=\"243\" src=\"https:\/\/www.europesays.com\/fr\/wp-content\/uploads\/2025\/08\/080-hl-bpolge-1818218-688fb02bc7250230654366.jpg\" fetchpriority=\"high\"\/><\/p>\n<p>      Le si\u00e8ge du Comit\u00e9 international de la Croix-Rouge \u00e0 Gen\u00e8ve, en Suisse. (BENJAMIN POLGE \/ HANS LUCAS \/ AFP)<\/p>\n<p>Le Hamas a affirm\u00e9, dimanche 3 ao\u00fbt, qu&rsquo;il n&rsquo;autorisera l&rsquo;acc\u00e8s du Comit\u00e9 international de la Croix-Rouge (CICR) aux otages isra\u00e9liens de Gaza que si <a href=\"https:\/\/www.franceinfo.fr\/monde\/proche-orient\/israel-palestine\/pause-tactique-couloirs-humanitaires-largages-aeriens-israel-annonce-plusieurs-mesures-dans-la-bande-de-gaza-pour-faciliter-l-entree-d-aide_7402042.html\" rel=\"nofollow noopener\" target=\"_blank\">des couloirs humanitaires sont ouverts vers le territoire palestinien<\/a>, selon un communiqu\u00e9 de sa branche arm\u00e9e.<\/p>\n<p>\u00ab\u00a0Les Brigades Qassam sont pr\u00eates \u00e0 r\u00e9pondre positivement et \u00e0 accepter toute demande de la Croix-Rouge pour livrer de la nourriture et des m\u00e9dicaments aux prisonniers ennemis\u00a0\u00bb, d\u00e9clare ce communiqu\u00e9. \u00ab\u00a0Pour accepter cela, nous stipulons que des corridors humanitaires doivent \u00eatre ouverts normalement et de mani\u00e8re permanente pour le passage de nourriture et de m\u00e9dicaments \u00e0 tout notre peuple dans toutes les zones de la bande de Gaza\u00a0\u00bb, pose comme condition le groupe islamiste.\u00a0<\/p>\n<p>\u00ab\u00a0Les Brigades Qassam ne privent pas d\u00e9lib\u00e9r\u00e9ment les prisonniers de nourriture, mais ils mangent ce que nos combattants et tout notre peuple mangent\u00a0\u00bb, soutient le mouvement.<\/p>\n<p>Le Premier ministre isra\u00e9lien, Benyamin N\u00e9tanyahou, a sollicit\u00e9 dimanche l&rsquo;aide du CICR pour fournir \u00ab\u00a0nourriture\u00a0\u00bb et \u00ab\u00a0traitement m\u00e9dical\u00a0\u00bb aux otages isra\u00e9liens dans la bande de Gaza, en proie \u00e0 une catastrophe humanitaire, apr\u00e8s la diffusion par le Hamas de vid\u00e9os de captifs d\u00e9charn\u00e9s.<\/p>\n<p>La publication depuis jeudi par le mouvement islamiste palestinien et son alli\u00e9 du Jihad islamique de trois vid\u00e9os montrant deux otages isra\u00e9liens tr\u00e8s affaiblis, a raviv\u00e9 en Isra\u00ebl le d\u00e9bat sur la n\u00e9cessit\u00e9 d&rsquo;arriver au plus vite \u00e0 un accord pour lib\u00e9rer ces captifs, enlev\u00e9s lors de l&rsquo;attaque sans pr\u00e9c\u00e9dent du Hamas en Isra\u00ebl du 7 octobre 2023.<\/p>\n<p>Sur X, la d\u00e9l\u00e9gation r\u00e9gionale du CICR a fait part de sa \u00ab\u00a0consternation\u00a0\u00bb apr\u00e8s les r\u00e9centes vid\u00e9os d&rsquo;otages, affirmant que cette \u00ab\u00a0situation d\u00e9sastreuse doit cesser\u00a0\u00bb. Le CICR a d\u00e9clin\u00e9 tout autre commentaire dans l&rsquo;imm\u00e9diat.<\/p>\n","protected":false},"excerpt":{"rendered":"Le Premier ministre isra\u00e9lien a sollicit\u00e9 dimanche l&rsquo;aide du CICR pour fournir \u00ab\u00a0nourriture\u00a0\u00bb et \u00ab\u00a0traitement m\u00e9dical\u00a0\u00bb aux otages&hellip;\n","protected":false},"author":2,"featured_media":294227,"comment_status":"","ping_status":"","sticky":false,"template":"","format":"standard","meta":{"footnotes":""},"categories":[1888],"tags":[1111,1928,11,1927,1777,674,1011,27,12,1926,626,1925,25],"class_list":{"0":"post-294226","1":"post","2":"type-post","3":"status-publish","4":"format-standard","5":"has-post-thumbnail","7":"category-paris","8":"tag-actu","9":"tag-actu-paris","10":"tag-actualites","11":"tag-actualites-paris","12":"tag-eu","13":"tag-europe","14":"tag-fr","15":"tag-france","16":"tag-news","17":"tag-news-paris","18":"tag-paris","19":"tag-paris-news","20":"tag-republique-francaise"},"share_on_mastodon":{"url":"https:\/\/pubeurope.com\/@fr\/114966536298628032","error":""},"_links":{"self":[{"href":"https:\/\/www.europesays.com\/fr\/wp-json\/wp\/v2\/posts\/294226","targetHints":{"allow":["GET"]}}],"collection":[{"href":"https:\/\/www.europesays.com\/fr\/wp-json\/wp\/v2\/posts"}],"about":[{"href":"https:\/\/www.europesays.com\/fr\/wp-json\/wp\/v2\/types\/post"}],"author":[{"embeddable":true,"href":"https:\/\/www.europesays.com\/fr\/wp-json\/wp\/v2\/users\/2"}],"replies":[{"embeddable":true,"href":"https:\/\/www.europesays.com\/fr\/wp-json\/wp\/v2\/comments?post=294226"}],"version-history":[{"count":0,"href":"https:\/\/www.europesays.com\/fr\/wp-json\/wp\/v2\/posts\/294226\/revisions"}],"wp:featuredmedia":[{"embeddable":true,"href":"https:\/\/www.europesays.com\/fr\/wp-json\/wp\/v2\/media\/294227"}],"wp:attachment":[{"href":"https:\/\/www.europesays.com\/fr\/wp-json\/wp\/v2\/media?parent=294226"}],"wp:term":[{"taxonomy":"category","embeddable":true,"href":"https:\/\/www.europesays.com\/fr\/wp-json\/wp\/v2\/categories?post=294226"},{"taxonomy":"post_tag","embeddable":true,"href":"https:\/\/www.europesays.com\/fr\/wp-json\/wp\/v2\/tags?post=294226"}],"curies":[{"name":"wp","href":"https:\/\/api.w.org\/{rel}","templated":true}]}}