{"id":294228,"date":"2025-08-03T19:41:11","date_gmt":"2025-08-03T19:41:11","guid":{"rendered":"https:\/\/www.europesays.com\/fr\/294228\/"},"modified":"2025-08-03T19:41:11","modified_gmt":"2025-08-03T19:41:11","slug":"michel-barnier-appelle-sa-rivale-rachida-dati-a-ne-pas-se-tromper-delection","status":"publish","type":"post","link":"https:\/\/www.europesays.com\/fr\/294228\/","title":{"rendered":"Michel Barnier appelle sa rivale Rachida Dati \u00e0 ne \u00ab\u00a0pas se tromper\u00a0\u00bb d&rsquo;\u00e9lection"},"content":{"rendered":"<p>La bataille entre <a href=\"https:\/\/www.ledauphine.com\/p\/michel-barnier\" target=\"_blank\" rel=\"noopener\">Michel Barnier<\/a> et <a href=\"https:\/\/www.ledauphine.com\/p\/rachida-dati\" target=\"_blank\" rel=\"noopener\">Rachida Dati<\/a> pour la l\u00e9gislative partielle \u00e0 Paris se poursuit. Dans <a href=\"https:\/\/www.latribune.fr\/la-tribune-dimanche\/dimanche-eco\/michel-barnier-ancien-premier-ministre-ursula-von-der-leyen-va-devoir-rendre-des-comptes-1030823.html\" target=\"_blank\" rel=\"nofollow noopener\">La Tribune dimanche<\/a>, l&rsquo;ancien Premier ministre a exhort\u00e9 sa rivale, qui a \u00ab une ambition l\u00e9gitime \u00bb pour la mairie de Paris, \u00e0 ne \u00ab pas se tromper \u00bb d&rsquo;\u00e9lection en <a href=\"https:\/\/www.ledauphine.com\/politique\/2025\/07\/28\/legislative-partielle-michel-barnier-investi-par-lr-rachida-dati-se-declare-aussi-candidate\" target=\"_blank\" rel=\"noopener\">candidatant aussi pour la l\u00e9gislative dans la deuxi\u00e8me circonscription de la capitale<\/a>. \u00ab Je veux que les Parisiens puissent voter pour plut\u00f4t que contre quelqu\u2019un. C\u2019est \u00e0 Rachida Dati, qui a une ambition l\u00e9gitime pour animer des listes d\u2019union \u00e0 Paris, de ne pas se tromper et de choisir le bon chemin \u00bb, a d\u00e9clar\u00e9 dans le d\u00e9tail le candidat d\u00e9sign\u00e9 par LR pour cette l\u00e9gislative.<\/p>\n<p>\u00ab Je ne suis pas candidat \u00e0 autre chose qu\u2019\u00e0 la d\u00e9putation \u00bb, mart\u00e8le Michel Barnier. \u00ab Rachida Dati le sait. Je le lui ai dit et je l\u2019ai m\u00eame \u00e9crit aux adh\u00e9rents Les R\u00e9publicains [&#8230;] Il n\u2019y a aucune ambigu\u00eft\u00e9 l\u00e0-dessus \u00bb, a -t-il ajout\u00e9, se disant pr\u00eat \u00e0 soutenir la ministre de la Culture dans sa course pour l&rsquo;H\u00f4tel de Ville.<\/p>\n<p>Barnier \u00ab parachut\u00e9\u00a0\u00bb ?<\/p>\n<p>Rachida Dati a annonc\u00e9 lundi sa candidature \u00e0 cette l\u00e9gislative partielle, lan\u00e7ant les hostilit\u00e9s contre l&rsquo;\u00e9ph\u00e9m\u00e8re ex-Premier ministre, qui porte les couleurs du m\u00eame parti, LR. Des proches de la maire du 7e arrondissement, <a href=\"https:\/\/www.ledauphine.com\/faits-divers-justice\/2025\/07\/23\/affaire-renault-nissan-le-president-du-tribunal-judiciaire-de-paris-denonce-l-attitude-de-dati\" target=\"_blank\" rel=\"noopener\">renvoy\u00e9e le 22 juillet en proc\u00e8s pour corruption et trafic d&rsquo;influence<\/a>, craignent que Michel Barnier ait lui aussi des ambitions pour la mairie de Paris si elle ne pouvait pas se pr\u00e9senter. Ils lui reprochent aussi d&rsquo;\u00eatre \u00ab parachut\u00e9 \u00bb. \u00ab Cela fait plus de 25 ans que j\u2019ai quitt\u00e9, volontairement, mes fonctions en Savoie \u00bb, \u00ab je suis Parisien depuis plus de 20 ans. J\u2019habite depuis plus de 12 ans dans cette circonscription \u00bb, r\u00e9pond-il.<\/p>\n<p>Ces rivalit\u00e9s risquent d&rsquo;entra\u00eener une nouvelle guerre fratricide dont Les R\u00e9publicains sont coutumiers. Pour tenter de l&rsquo;\u00e9viter, LR esp\u00e8re trouver un accord avec Rachida Dati \u00ab d&rsquo;ici la rentr\u00e9e \u00bb.<\/p>\n<p>Interrog\u00e9 sur les ambitions que lui pr\u00eatent certains pour 2027, Michel Barnier redit qu&rsquo;il sera \u00ab pr\u00e9sent dans le d\u00e9bat public \u00bb pour la pr\u00e9sidentielle et les l\u00e9gislatives.<\/p>\n","protected":false},"excerpt":{"rendered":"La bataille entre Michel Barnier et Rachida Dati pour la l\u00e9gislative partielle \u00e0 Paris se poursuit. Dans La&hellip;\n","protected":false},"author":2,"featured_media":294229,"comment_status":"","ping_status":"","sticky":false,"template":"","format":"standard","meta":{"footnotes":""},"categories":[1888],"tags":[1111,1928,11,1927,8513,1777,674,107,1011,27,329,6319,12,1926,626,1925,316,25],"class_list":{"0":"post-294228","1":"post","2":"type-post","3":"status-publish","4":"format-standard","5":"has-post-thumbnail","7":"category-paris","8":"tag-actu","9":"tag-actu-paris","10":"tag-actualites","11":"tag-actualites-paris","12":"tag-elections-legislatives","13":"tag-eu","14":"tag-europe","15":"tag-fil-info","16":"tag-fr","17":"tag-france","18":"tag-france-monde","19":"tag-les-republicains","20":"tag-news","21":"tag-news-paris","22":"tag-paris","23":"tag-paris-news","24":"tag-politique","25":"tag-republique-francaise"},"share_on_mastodon":{"url":"https:\/\/pubeurope.com\/@fr\/114966540015599585","error":""},"_links":{"self":[{"href":"https:\/\/www.europesays.com\/fr\/wp-json\/wp\/v2\/posts\/294228","targetHints":{"allow":["GET"]}}],"collection":[{"href":"https:\/\/www.europesays.com\/fr\/wp-json\/wp\/v2\/posts"}],"about":[{"href":"https:\/\/www.europesays.com\/fr\/wp-json\/wp\/v2\/types\/post"}],"author":[{"embeddable":true,"href":"https:\/\/www.europesays.com\/fr\/wp-json\/wp\/v2\/users\/2"}],"replies":[{"embeddable":true,"href":"https:\/\/www.europesays.com\/fr\/wp-json\/wp\/v2\/comments?post=294228"}],"version-history":[{"count":0,"href":"https:\/\/www.europesays.com\/fr\/wp-json\/wp\/v2\/posts\/294228\/revisions"}],"wp:featuredmedia":[{"embeddable":true,"href":"https:\/\/www.europesays.com\/fr\/wp-json\/wp\/v2\/media\/294229"}],"wp:attachment":[{"href":"https:\/\/www.europesays.com\/fr\/wp-json\/wp\/v2\/media?parent=294228"}],"wp:term":[{"taxonomy":"category","embeddable":true,"href":"https:\/\/www.europesays.com\/fr\/wp-json\/wp\/v2\/categories?post=294228"},{"taxonomy":"post_tag","embeddable":true,"href":"https:\/\/www.europesays.com\/fr\/wp-json\/wp\/v2\/tags?post=294228"}],"curies":[{"name":"wp","href":"https:\/\/api.w.org\/{rel}","templated":true}]}}