{"id":294230,"date":"2025-08-03T19:42:10","date_gmt":"2025-08-03T19:42:10","guid":{"rendered":"https:\/\/www.europesays.com\/fr\/294230\/"},"modified":"2025-08-03T19:42:10","modified_gmt":"2025-08-03T19:42:10","slug":"on-a-tout-appris-sur-le-tas-des-gangs-aux-galeries-ils-racontent-35-ans-de-graffiti-a-la-defense","status":"publish","type":"post","link":"https:\/\/www.europesays.com\/fr\/294230\/","title":{"rendered":"\u00ab On a tout appris sur le tas \u00bb : des gangs aux galeries, ils racontent 35 ans de graffiti \u00e0 la D\u00e9fense"},"content":{"rendered":"<p class=\"paragraph text_align_left lp-f-body-02\">Il n\u2019a pas pu s\u2019en emp\u00eacher. Shuck2 a appos\u00e9 sa patte encr\u00e9e sur une palissade de chantier \u00e0 quelques m\u00e8tres<a href=\"https:\/\/www.leparisien.fr\/hauts-de-seine-92\/quatre-etages-4-000-m2-dexposition-500-artistes-le-street-art-prend-ses-aises-a-la-defense-19-06-2025-TEDF4Q5TINC4DGD33WXW5T7R3Y.php\" target=\"_self\" rel=\"noopener\"> du Zoo Art Show (ZAS), cette expo g\u00e9ante<\/a> qui revient sur l\u2019histoire du street art et occupe un immeuble de<a href=\"https:\/\/www.leparisien.fr\/hauts-de-seine-92\/puteaux-92800\/la-seance-de-graffitis-tourne-court-un-squelette-decouvert-dans-les-sous-sols-de-la-defense-05-07-2025-KQB2VURMFNAU7APHFGFJK7PQNQ.php\" target=\"_self\" rel=\"noopener\"> la D\u00e9fense<\/a>. L\u2019auteur de ce tag au marqueur a le sourire de celui qui a r\u00e9ussi une bonne blague. Il n\u2019en est pourtant pas \u00e0 son coup d\u2019essai. V\u00e9ritables figures de ce milieu, Shuck2 dont des \u0153uvres sont visibles au ZAS et son comp\u00e8re Ioye, sont des pionniers du graffiti en France.<\/p>\n<p class=\"paragraph text_align_left lp-f-body-02\">La cinquantaine pass\u00e9e et une courte barbe ont beau leur donner un c\u00f4t\u00e9 \u00ab respectable \u00bb, l\u2019\u0153il p\u00e9tille encore et il en faut peu pour ranimer les braises de leur folie picturale. La signature \u00e0 la sauvage de Shuck en est la preuve.<\/p>\n","protected":false},"excerpt":{"rendered":"Il n\u2019a pas pu s\u2019en emp\u00eacher. Shuck2 a appos\u00e9 sa patte encr\u00e9e sur une palissade de chantier \u00e0&hellip;\n","protected":false},"author":2,"featured_media":294231,"comment_status":"","ping_status":"","sticky":false,"template":"","format":"standard","meta":{"footnotes":""},"categories":[1888],"tags":[11,1777,674,1011,27,3314,1944,12,626,25],"class_list":{"0":"post-294230","1":"post","2":"type-post","3":"status-publish","4":"format-standard","5":"has-post-thumbnail","7":"category-paris","8":"tag-actualites","9":"tag-eu","10":"tag-europe","11":"tag-fr","12":"tag-france","13":"tag-hauts-de-seine","14":"tag-ma-ville","15":"tag-news","16":"tag-paris","17":"tag-republique-francaise"},"share_on_mastodon":{"url":"https:\/\/pubeurope.com\/@fr\/114966543968468854","error":""},"_links":{"self":[{"href":"https:\/\/www.europesays.com\/fr\/wp-json\/wp\/v2\/posts\/294230","targetHints":{"allow":["GET"]}}],"collection":[{"href":"https:\/\/www.europesays.com\/fr\/wp-json\/wp\/v2\/posts"}],"about":[{"href":"https:\/\/www.europesays.com\/fr\/wp-json\/wp\/v2\/types\/post"}],"author":[{"embeddable":true,"href":"https:\/\/www.europesays.com\/fr\/wp-json\/wp\/v2\/users\/2"}],"replies":[{"embeddable":true,"href":"https:\/\/www.europesays.com\/fr\/wp-json\/wp\/v2\/comments?post=294230"}],"version-history":[{"count":0,"href":"https:\/\/www.europesays.com\/fr\/wp-json\/wp\/v2\/posts\/294230\/revisions"}],"wp:featuredmedia":[{"embeddable":true,"href":"https:\/\/www.europesays.com\/fr\/wp-json\/wp\/v2\/media\/294231"}],"wp:attachment":[{"href":"https:\/\/www.europesays.com\/fr\/wp-json\/wp\/v2\/media?parent=294230"}],"wp:term":[{"taxonomy":"category","embeddable":true,"href":"https:\/\/www.europesays.com\/fr\/wp-json\/wp\/v2\/categories?post=294230"},{"taxonomy":"post_tag","embeddable":true,"href":"https:\/\/www.europesays.com\/fr\/wp-json\/wp\/v2\/tags?post=294230"}],"curies":[{"name":"wp","href":"https:\/\/api.w.org\/{rel}","templated":true}]}}