{"id":294242,"date":"2025-08-03T19:48:14","date_gmt":"2025-08-03T19:48:14","guid":{"rendered":"https:\/\/www.europesays.com\/fr\/294242\/"},"modified":"2025-08-03T19:48:14","modified_gmt":"2025-08-03T19:48:14","slug":"les-commercants-se-plaignent-des-bandes-de-voleurs-dans-les-centres-villes","status":"publish","type":"post","link":"https:\/\/www.europesays.com\/fr\/294242\/","title":{"rendered":"les commer\u00e7ants se plaignent des bandes de voleurs dans les centres-villes"},"content":{"rendered":"<p>Le commerce de d\u00e9tail en Allemagne d\u00e9plore une augmentation sensible des vols \u00e0 l&rsquo;\u00e9talage ainsi qu&rsquo;une poursuite p\u00e9nale insuffisante des auteurs.<\/p>\n<p>\u00ab\u00a0Le pr\u00e9judice caus\u00e9 par le vol \u00e0 l&rsquo;\u00e9talage s&rsquo;\u00e9levait \u00e0 trois milliards d&rsquo;euros en 2024, soit 20 % de plus qu&rsquo;en 2022\u00a0\u00bb, a d\u00e9clar\u00e9 Stefan Genth, directeur g\u00e9n\u00e9ral de la F\u00e9d\u00e9ration allemande du commerce (HDE), au portail t-online.<\/p>\n<p>Selon Genth, les vols sont de plus en plus organis\u00e9s par des gangs. \u00ab\u00a0Des groupes de d\u00e9linquants parcourent les centres-villes de mani\u00e8re cibl\u00e9e, volent des marchandises de grande valeur &#8211; parfums, chaussures, appareils \u00e9lectroniques &#8211; et les vendent sur le march\u00e9 gris\u00a0\u00bb. Les employ\u00e9s sont \u00e9galement expos\u00e9s \u00e0 des d\u00e9linquants individuels plus agressifs lorsqu&rsquo;ils tentent de s&rsquo;opposer \u00e0 eux.<\/p>\n<p><b class=\"c-widget-related__title__text\">Related<\/b><\/p>\n<p>Il existe des d\u00e9ficits massifs dans les poursuites p\u00e9nales, dont les voleurs profitent : \u00ab\u00a0Les commer\u00e7ants portent plainte et les parquets classent ensuite l&rsquo;affaire pour des raisons d&rsquo;efficacit\u00e9. En cons\u00e9quence, de nombreux commer\u00e7ants frustr\u00e9s ne signalent plus les vols \u00e0 l&rsquo;\u00e9talage \u00e0 la police\u00a0\u00bb, poursuit Genth.<\/p>\n<p>Le nombre de cas non d\u00e9clar\u00e9s est extr\u00eamement \u00e9lev\u00e9 : 98 pour cent des vols ne sont pas signal\u00e9s.<\/p>\n<p><strong>Aux \u00c9tats-Unis, les marchandises sont de plus en plus souvent enferm\u00e9es sous verre<\/strong>. Genth craint que cela ne devienne \u00e9galement n\u00e9cessaire en Allemagne, bien que cela soit une \u00ab\u00a0expression de la m\u00e9fiance envers tous les clients\u00a0\u00bb &#8211; o\u00f9 \u00ab\u00a0plus de 90 pour cent sont honn\u00eates\u00a0\u00bb.<\/p>\n<p>L&rsquo;\u00c9tat est donc sollicit\u00e9 et doit mieux \u00e9quiper les autorit\u00e9s de poursuite p\u00e9nale.<\/p>\n<p>Genth ne voit pas de lien entre les nouvelles caisses self-scanning et l&rsquo;augmentation des vols : \u00ab\u00a0Nous ne pouvons pas confirmer ce lien\u00a0\u00bb.<\/p>\n","protected":false},"excerpt":{"rendered":"Le commerce de d\u00e9tail en Allemagne d\u00e9plore une augmentation sensible des vols \u00e0 l&rsquo;\u00e9talage ainsi qu&rsquo;une poursuite p\u00e9nale&hellip;\n","protected":false},"author":2,"featured_media":294243,"comment_status":"","ping_status":"","sticky":false,"template":"","format":"standard","meta":{"footnotes":""},"categories":[1587],"tags":[11,672,1804,4972,1805,1803,1777,674,43416,1801,12,1802,43415,43417],"class_list":{"0":"post-294242","1":"post","2":"type-post","3":"status-publish","4":"format-standard","5":"has-post-thumbnail","7":"category-allemagne","8":"tag-actualites","9":"tag-allemagne","10":"tag-bundesrepublik-deutschland","11":"tag-commerce-de-detail","12":"tag-de","13":"tag-deutschland","14":"tag-eu","15":"tag-europe","16":"tag-genth","17":"tag-germany","18":"tag-news","19":"tag-republique-federale-dallemagne","20":"tag-stefan-genth","21":"tag-vol-a-letalage"},"share_on_mastodon":{"url":"https:\/\/pubeurope.com\/@fr\/114966567690441131","error":""},"_links":{"self":[{"href":"https:\/\/www.europesays.com\/fr\/wp-json\/wp\/v2\/posts\/294242","targetHints":{"allow":["GET"]}}],"collection":[{"href":"https:\/\/www.europesays.com\/fr\/wp-json\/wp\/v2\/posts"}],"about":[{"href":"https:\/\/www.europesays.com\/fr\/wp-json\/wp\/v2\/types\/post"}],"author":[{"embeddable":true,"href":"https:\/\/www.europesays.com\/fr\/wp-json\/wp\/v2\/users\/2"}],"replies":[{"embeddable":true,"href":"https:\/\/www.europesays.com\/fr\/wp-json\/wp\/v2\/comments?post=294242"}],"version-history":[{"count":0,"href":"https:\/\/www.europesays.com\/fr\/wp-json\/wp\/v2\/posts\/294242\/revisions"}],"wp:featuredmedia":[{"embeddable":true,"href":"https:\/\/www.europesays.com\/fr\/wp-json\/wp\/v2\/media\/294243"}],"wp:attachment":[{"href":"https:\/\/www.europesays.com\/fr\/wp-json\/wp\/v2\/media?parent=294242"}],"wp:term":[{"taxonomy":"category","embeddable":true,"href":"https:\/\/www.europesays.com\/fr\/wp-json\/wp\/v2\/categories?post=294242"},{"taxonomy":"post_tag","embeddable":true,"href":"https:\/\/www.europesays.com\/fr\/wp-json\/wp\/v2\/tags?post=294242"}],"curies":[{"name":"wp","href":"https:\/\/api.w.org\/{rel}","templated":true}]}}