{"id":294250,"date":"2025-08-03T19:52:18","date_gmt":"2025-08-03T19:52:18","guid":{"rendered":"https:\/\/www.europesays.com\/fr\/294250\/"},"modified":"2025-08-03T19:52:18","modified_gmt":"2025-08-03T19:52:18","slug":"retour-des-fortes-chaleurs-sur-une-partie-de-la-france-cette-semaine","status":"publish","type":"post","link":"https:\/\/www.europesays.com\/fr\/294250\/","title":{"rendered":"Retour des fortes chaleurs sur une partie de la France cette semaine"},"content":{"rendered":"<p>Apr\u00e8s une fin de mois de juillet fra\u00eeche et instable, l\u2019<a href=\"https:\/\/www.20minutes.fr\/dossier\/ete\" class=\"color-ultramarine c-link\" target=\"_blank\" rel=\"noopener\">\u00e9t\u00e9<\/a> reprend ses droits. Parfois un peu trop\u00a0? Selon le bulletin de <a href=\"https:\/\/actualite.lachainemeteo.com\/actualite-meteo\/2025-04-06\/meteo-semaine-retour-d-un-temps-estival-et-des-fortes-chaleurs-76871\" rel=\"nofollow noopener\" target=\"_blank\" class=\"color-ultramarine c-link\">La Chaine m\u00e9t\u00e9o<\/a>, l\u2019anticyclone des A\u00e7ores devrait s\u2019installer sur le sud de la France dans la semaine, apportant avec lui une chaleur de plus en plus marqu\u00e9e.<\/p>\n<p>D\u00e8s lundi, le <a href=\"https:\/\/www.20minutes.fr\/monde\/sud\/\" class=\"color-ultramarine c-link\" target=\"_blank\" rel=\"noopener\">Sud<\/a> affichera 30 \u00e0 35\u00a0\u00b0C au thermom\u00e8tre, tandis que le nord restera nuageux et plus frais, selon les <a href=\"https:\/\/www.20minutes.fr\/dossier\/previsions-meteo\" class=\"color-ultramarine c-link\" target=\"_blank\" rel=\"noopener\">pr\u00e9visions m\u00e9t\u00e9o<\/a>. Mardi, une derni\u00e8re perturbation traversera rapidement le nord, suivie d\u2019un net r\u00e9chauffement. D\u00e8s mercredi, le soleil s\u2019imposera partout, avec des temp\u00e9ratures grimpant jusqu\u2019\u00e0 35\u00a0\u00b0C dans le sud-ouest.<\/p>\n<\/p>\n<p>Une vague de <a href=\"https:\/\/www.20minutes.fr\/dossier\/chaleur\" class=\"color-ultramarine c-link\" target=\"_blank\" rel=\"noopener\">chaleur<\/a> pourrait m\u00eame s\u2019installer durablement \u00e0 partir de jeudi, avec des seuils de canicule susceptibles d\u2019\u00eatre atteints dans plusieurs r\u00e9gions. \u00ab\u00a0La barre des 40\u00a0\u00b0C sera sans doute atteinte dans le sud-ouest d\u2019ici au dimanche 10\u00a0ao\u00fbt\u00a0\u00bb, \u00e9crit m\u00eame la cha\u00eene dans un message sur X. Sur la moiti\u00e9 nord, les sc\u00e9narios m\u00e9t\u00e9orologiques divergent sur l\u2019intensit\u00e9 de cette vague de chaleur.<\/p>\n","protected":false},"excerpt":{"rendered":"Apr\u00e8s une fin de mois de juillet fra\u00eeche et instable, l\u2019\u00e9t\u00e9 reprend ses droits. Parfois un peu trop\u00a0?&hellip;\n","protected":false},"author":2,"featured_media":294251,"comment_status":"","ping_status":"","sticky":false,"template":"","format":"standard","meta":{"footnotes":""},"categories":[2],"tags":[11,6698,13208,1011,27,2487,12,52,2119,25],"class_list":{"0":"post-294250","1":"post","2":"type-post","3":"status-publish","4":"format-standard","5":"has-post-thumbnail","7":"category-actualites","8":"tag-actualites","9":"tag-canicule","10":"tag-chaleur","11":"tag-fr","12":"tag-france","13":"tag-meteo","14":"tag-news","15":"tag-planete","16":"tag-previsions-meteo","17":"tag-republique-francaise"},"share_on_mastodon":{"url":"https:\/\/pubeurope.com\/@fr\/114966583292368104","error":""},"_links":{"self":[{"href":"https:\/\/www.europesays.com\/fr\/wp-json\/wp\/v2\/posts\/294250","targetHints":{"allow":["GET"]}}],"collection":[{"href":"https:\/\/www.europesays.com\/fr\/wp-json\/wp\/v2\/posts"}],"about":[{"href":"https:\/\/www.europesays.com\/fr\/wp-json\/wp\/v2\/types\/post"}],"author":[{"embeddable":true,"href":"https:\/\/www.europesays.com\/fr\/wp-json\/wp\/v2\/users\/2"}],"replies":[{"embeddable":true,"href":"https:\/\/www.europesays.com\/fr\/wp-json\/wp\/v2\/comments?post=294250"}],"version-history":[{"count":0,"href":"https:\/\/www.europesays.com\/fr\/wp-json\/wp\/v2\/posts\/294250\/revisions"}],"wp:featuredmedia":[{"embeddable":true,"href":"https:\/\/www.europesays.com\/fr\/wp-json\/wp\/v2\/media\/294251"}],"wp:attachment":[{"href":"https:\/\/www.europesays.com\/fr\/wp-json\/wp\/v2\/media?parent=294250"}],"wp:term":[{"taxonomy":"category","embeddable":true,"href":"https:\/\/www.europesays.com\/fr\/wp-json\/wp\/v2\/categories?post=294250"},{"taxonomy":"post_tag","embeddable":true,"href":"https:\/\/www.europesays.com\/fr\/wp-json\/wp\/v2\/tags?post=294250"}],"curies":[{"name":"wp","href":"https:\/\/api.w.org\/{rel}","templated":true}]}}