{"id":294259,"date":"2025-08-03T19:59:11","date_gmt":"2025-08-03T19:59:11","guid":{"rendered":"https:\/\/www.europesays.com\/fr\/294259\/"},"modified":"2025-08-03T19:59:11","modified_gmt":"2025-08-03T19:59:11","slug":"quattendre-de-la-seconde-moitie-de-saison","status":"publish","type":"post","link":"https:\/\/www.europesays.com\/fr\/294259\/","title":{"rendered":"Qu&rsquo;attendre de la seconde moiti\u00e9 de saison?"},"content":{"rendered":"<p>Aux avants-posts<\/p>\n<p class=\"mb-4 text-lg md:leading-8 break-words\">Avec le <strong>retour<\/strong> de <strong>Jorge Martin<\/strong> au dernier Grand Prix, en <strong>R\u00e9publique Tch\u00e8que<\/strong>, et la forme d&rsquo;<strong>Aprilia<\/strong> de ces derniers temps, notamment avec <strong>Marco Bezzecchi<\/strong> en chef de file, nous pouvons d\u00e9j\u00e0 esp\u00e9rer avoir <strong>plus de batailles Ducati\/Aprilia<\/strong>. <a href=\"https:\/\/www.sportauto.fr\/motogp\/motogp-jorge-martin-champion-monde-2024-423239.html\" rel=\"nofollow noopener\" target=\"_blank\" data-ylk=\"slk:Le champion du monde en titre;elm:context_link;itc:0;sec:content-canvas\" class=\"link \">Le <strong>champion du monde en titre<\/strong><\/a> va reprendre ses marques au fur et \u00e0 mesure, avec d\u00e9j\u00e0 <strong>une belle reprise<\/strong> lors de la <strong>course principale<\/strong> sur <strong>l&rsquo;Automotodrom Brno<\/strong>, o\u00f9 il a termin\u00e9 <strong>septi\u00e8me<\/strong>.<\/p>\n<p class=\"mb-4 text-lg md:leading-8 break-words\">N&rsquo;oublions pas <strong>Alex Marquez<\/strong>, le fr\u00e8re du <strong>sextuple champion du monde MotoGP<\/strong>. Actuellement toujours <strong>second au championnat<\/strong> pilote avec <strong>261 points<\/strong>, celui-ci a connu une <strong>baisse de r\u00e9gime<\/strong> ces derni\u00e8res semaines, baisse marqu\u00e9e par une <strong>blessure \u00e0 la main<\/strong> gauche. Reste \u00e0 voir si cela n&rsquo;est qu&rsquo;une <strong>mauvaise passe<\/strong> ou s&rsquo;il <strong>chutera au classement.<\/strong><\/p>\n<p class=\"mb-4 text-lg md:leading-8 break-words\">Parmi ceux <strong>pouvant lui prendre cette<\/strong> <strong>deuxi\u00e8me position<\/strong>, nous retrouvons <strong>Francesco Bagnaia<\/strong>. Double champion du monde, l&rsquo;Italien montre <strong>quelques difficult\u00e9s<\/strong> \u00e0 s&rsquo;adapter \u00e0 la <strong>version 2025<\/strong> de sa <strong>Ducati<\/strong> depuis le d\u00e9but de saison. Quelques signes d&rsquo;<strong>am\u00e9lioration<\/strong> se sont montr\u00e9s <strong>avant la tr\u00eave estivale<\/strong>, notamment avec la signature de la <strong>premi\u00e8re pole position de sa saison<\/strong> au dernier Grand Prix. Il lui faut cependant <strong>maintenir cette progression<\/strong> jusqu&rsquo;\u00e0 la fin de l&rsquo;ann\u00e9e face \u00e0 une <strong>comp\u00e9tition grandissante<\/strong> derri\u00e8re lui&#8230;.<a href=\"https:\/\/www.sportauto.fr\/actu\/motogp-quattendre-de-la-seconde-moitie-de-saison-436491.html\" rel=\"nofollow noopener\" target=\"_blank\" data-ylk=\"slk:Lire la suite sur Sport Auto;elm:context_link;itc:0;sec:content-canvas\" class=\"link \">Lire la suite sur Sport Auto<\/a><\/p>\n","protected":false},"excerpt":{"rendered":"Aux avants-posts Avec le retour de Jorge Martin au dernier Grand Prix, en R\u00e9publique Tch\u00e8que, et la forme&hellip;\n","protected":false},"author":2,"featured_media":294260,"comment_status":"","ping_status":"","sticky":false,"template":"","format":"standard","meta":{"footnotes":""},"categories":[1413],"tags":[4267,4290,1011,27,1982,1466,1457,1456,11790,60],"class_list":{"0":"post-294259","1":"post","2":"type-post","3":"status-publish","4":"format-standard","5":"has-post-thumbnail","7":"category-moto","8":"tag-alex-marquez","9":"tag-chef-de-file","10":"tag-fr","11":"tag-france","12":"tag-grand-prix","13":"tag-jorge-martin","14":"tag-moto","15":"tag-motocycle","16":"tag-republique-tcheque","17":"tag-sports"},"share_on_mastodon":{"url":"https:\/\/pubeurope.com\/@fr\/114966610919887630","error":""},"_links":{"self":[{"href":"https:\/\/www.europesays.com\/fr\/wp-json\/wp\/v2\/posts\/294259","targetHints":{"allow":["GET"]}}],"collection":[{"href":"https:\/\/www.europesays.com\/fr\/wp-json\/wp\/v2\/posts"}],"about":[{"href":"https:\/\/www.europesays.com\/fr\/wp-json\/wp\/v2\/types\/post"}],"author":[{"embeddable":true,"href":"https:\/\/www.europesays.com\/fr\/wp-json\/wp\/v2\/users\/2"}],"replies":[{"embeddable":true,"href":"https:\/\/www.europesays.com\/fr\/wp-json\/wp\/v2\/comments?post=294259"}],"version-history":[{"count":0,"href":"https:\/\/www.europesays.com\/fr\/wp-json\/wp\/v2\/posts\/294259\/revisions"}],"wp:featuredmedia":[{"embeddable":true,"href":"https:\/\/www.europesays.com\/fr\/wp-json\/wp\/v2\/media\/294260"}],"wp:attachment":[{"href":"https:\/\/www.europesays.com\/fr\/wp-json\/wp\/v2\/media?parent=294259"}],"wp:term":[{"taxonomy":"category","embeddable":true,"href":"https:\/\/www.europesays.com\/fr\/wp-json\/wp\/v2\/categories?post=294259"},{"taxonomy":"post_tag","embeddable":true,"href":"https:\/\/www.europesays.com\/fr\/wp-json\/wp\/v2\/tags?post=294259"}],"curies":[{"name":"wp","href":"https:\/\/api.w.org\/{rel}","templated":true}]}}