{"id":294267,"date":"2025-08-03T20:03:11","date_gmt":"2025-08-03T20:03:11","guid":{"rendered":"https:\/\/www.europesays.com\/fr\/294267\/"},"modified":"2025-08-03T20:03:11","modified_gmt":"2025-08-03T20:03:11","slug":"lacteur-gerard-chaillou-connu-des-telespectateurs-dm6-pour-ses-roles-dans-camera-cafe-ou-scenes-de-menages-est-decede-des-suites-dune-longue-maladie","status":"publish","type":"post","link":"https:\/\/www.europesays.com\/fr\/294267\/","title":{"rendered":"L\u2019acteur G\u00e9rard Chaillou, connu des t\u00e9l\u00e9spectateurs d&rsquo;M6 pour ses r\u00f4les dans \u00ab\u00a0Cam\u00e9ra Caf\u00e9\u00a0\u00bb ou \u00ab\u00a0Sc\u00e8nes de M\u00e9nages\u00a0\u00bb est d\u00e9c\u00e9d\u00e9 \u00ab\u00a0des suites d&rsquo;une longue maladie\u00a0\u00bb"},"content":{"rendered":"<p>L\u2019acteur G\u00e9rard Chaillou, 79 ans, connu des t\u00e9l\u00e9spectateurs d&rsquo;M6 pour ses r\u00f4les dans \u00ab\u00a0Cam\u00e9ra Caf\u00e9\u00a0\u00bb ou \u00ab\u00a0Sc\u00e8nes de M\u00e9nages\u00a0\u00bb est d\u00e9c\u00e9d\u00e9 \u00ab\u00a0des suites d&rsquo;une longue maladie\u00a0\u00bb.<\/p>\n<p>Tout au long de sa carri\u00e8re, il a notamment align\u00e9 les seconds r\u00f4les, tant pour Jean-Jacques Beineix, avec Diva, que pour Xavier Durringer, avec La Conqu\u00eate.<\/p>\n<p>\u00c0 la t\u00e9l\u00e9vision, son visage sera aper\u00e7u dans les s\u00e9ries H, Jos\u00e9phine ange gardien, Camping Paradis ou Sc\u00e8nes de m\u00e9nages.<\/p>\n<p>Au th\u00e9\u00e2tre, ses r\u00f4les shakespeariens, dans des adaptations de Timon d&rsquo;Ath\u00e8nes, P\u00e9ricles, prince de Tyr ou Le Conte d&rsquo;Hiver, se m\u00ealeront aux pi\u00e8ces de Bernard Chartreux et Alain Sachs.<\/p>\n<p>Au cin\u00e9ma, il a notamment jou\u00e9 dans J\u2019accuse de Roman Polanski et Super-h\u00e9ros malgr\u00e9 lui de Philippe Lacheau. Son dernier r\u00f4le au cin\u00e9ma fut celui de Monsieur Coponet dans Que notre joie demeure de Cheyenne Carron, sorti en 2024.<\/p>\n<p>Quant \u00e0 sa derni\u00e8re apparition \u00e0 la t\u00e9l\u00e9vision, elle remonte \u00e0 la derni\u00e8re saison de Sc\u00e8nes de m\u00e9nages, dans laquelle il incarnait Ren\u00e9, un ami de Raymond (interpr\u00e9t\u00e9 par G\u00e9rard Hernandez).<\/p>\n<p>.<\/p>\n<p><img loading=\"lazy\" decoding=\"async\" src=\"https:\/\/www.europesays.com\/fr\/wp-content\/uploads\/2025\/08\/eefff538b7f0d6b0ba33b223190dcd558054e8fb678b7d6d5d17ddcbfe419a53.webp.webp\" width=\"704\" height=\"396\"\/><\/p>\n","protected":false},"excerpt":{"rendered":"L\u2019acteur G\u00e9rard Chaillou, 79 ans, connu des t\u00e9l\u00e9spectateurs d&rsquo;M6 pour ses r\u00f4les dans \u00ab\u00a0Cam\u00e9ra Caf\u00e9\u00a0\u00bb ou \u00ab\u00a0Sc\u00e8nes de&hellip;\n","protected":false},"author":2,"featured_media":294268,"comment_status":"","ping_status":"","sticky":false,"template":"","format":"standard","meta":{"footnotes":""},"categories":[1359],"tags":[253,43421,58,59,1011,27,43420,973,43422],"class_list":{"0":"post-294267","1":"post","2":"type-post","3":"status-publish","4":"format-standard","5":"has-post-thumbnail","7":"category-people","8":"tag-acteur","9":"tag-camu00e9ra-cafu00e9","10":"tag-divertissement","11":"tag-entertainment","12":"tag-fr","13":"tag-france","14":"tag-gu00e9rard-chaillou","15":"tag-people","16":"tag-scu00e8ne-de-mu00e9nage"},"share_on_mastodon":{"url":"https:\/\/pubeurope.com\/@fr\/114966626512828432","error":""},"_links":{"self":[{"href":"https:\/\/www.europesays.com\/fr\/wp-json\/wp\/v2\/posts\/294267","targetHints":{"allow":["GET"]}}],"collection":[{"href":"https:\/\/www.europesays.com\/fr\/wp-json\/wp\/v2\/posts"}],"about":[{"href":"https:\/\/www.europesays.com\/fr\/wp-json\/wp\/v2\/types\/post"}],"author":[{"embeddable":true,"href":"https:\/\/www.europesays.com\/fr\/wp-json\/wp\/v2\/users\/2"}],"replies":[{"embeddable":true,"href":"https:\/\/www.europesays.com\/fr\/wp-json\/wp\/v2\/comments?post=294267"}],"version-history":[{"count":0,"href":"https:\/\/www.europesays.com\/fr\/wp-json\/wp\/v2\/posts\/294267\/revisions"}],"wp:featuredmedia":[{"embeddable":true,"href":"https:\/\/www.europesays.com\/fr\/wp-json\/wp\/v2\/media\/294268"}],"wp:attachment":[{"href":"https:\/\/www.europesays.com\/fr\/wp-json\/wp\/v2\/media?parent=294267"}],"wp:term":[{"taxonomy":"category","embeddable":true,"href":"https:\/\/www.europesays.com\/fr\/wp-json\/wp\/v2\/categories?post=294267"},{"taxonomy":"post_tag","embeddable":true,"href":"https:\/\/www.europesays.com\/fr\/wp-json\/wp\/v2\/tags?post=294267"}],"curies":[{"name":"wp","href":"https:\/\/api.w.org\/{rel}","templated":true}]}}