{"id":294269,"date":"2025-08-03T20:05:13","date_gmt":"2025-08-03T20:05:13","guid":{"rendered":"https:\/\/www.europesays.com\/fr\/294269\/"},"modified":"2025-08-03T20:05:13","modified_gmt":"2025-08-03T20:05:13","slug":"frontignan-de-comminges-le-succes-du-salon-du-livre-a-couronne-le-travail-de-ses-audacieux-organisateurs","status":"publish","type":"post","link":"https:\/\/www.europesays.com\/fr\/294269\/","title":{"rendered":"Frontignan de Comminges: le succ\u00e8s du salon du livre a couronn\u00e9 le travail de ses audacieux organisateurs"},"content":{"rendered":"<p><strong>Succ\u00e8s vivement esp\u00e9r\u00e9 et n\u00e9anmoins inattendu par son ampleur, mais tellement m\u00e9rit\u00e9, pour le premier salon du livre de Frontignan de Comminges. Il a eu lieu ce dimanche 27 juillet 2025, sous un ciel et un soleil d\u2019\u00e9t\u00e9.<\/strong><\/p>\n<p>Un succ\u00e8s obtenu dans un petit village du pi\u00e9mont pyr\u00e9n\u00e9en \u00e0 l\u2019\u00e9cart des grands axes de circulation. On y acc\u00e8de par une petite route pour le d\u00e9couvrir, dans un cocon forestier nich\u00e9 \u00e0 465 m\u00e8tres d\u2019altitude. Un village qui pourrait illustrer un conte de Perrault.<\/p>\n<p>Cette localisation retir\u00e9e n\u2019a cependant pas nui au succ\u00e8s de ce premier salon. Les visiteurs ne s\u2019y sont pas rendus par hasard, mais pouss\u00e9s par l\u2019amour des livres et le plaisir de lire.<\/p>\n<p>Ce rassemblement de 20 \u00e9crivains et de conf\u00e9renciers du terroir a \u00e9t\u00e9 depuis longtemps annonc\u00e9 et clairement pr\u00e9sent\u00e9, sans doute une des raisons qui ont pr\u00e9sid\u00e9 \u00e0 la r\u00e9ussite de la journ\u00e9e. Les organisateurs ont pris soin de communiquer tr\u00e8s en amont et de fa\u00e7on continue, pour annoncer l\u2019\u00e9mergence de ce nouveau salon, dans la presse, sur les r\u00e9seaux sociaux, avec des distributions de flyers sur les march\u00e9s des villages alentours.<\/p>\n<p>Quelques 400 visiteurs sont venus \u00e0 la d\u00e9couverte d\u2019auteurs frontignanais, baroussais, commingeois, pyr\u00e9n\u00e9ens, de souche ou d\u2019adoption, m\u00e9connus ou inconnus, pour la plupart \u00e9dit\u00e9s \u00e0 compte d\u2019auteur, mais dont les \u0153uvres sont impr\u00e9gn\u00e9es de vie et de culture, locale et r\u00e9gionale. Ce dimanche 27 juillet, pr\u00e8s de 300 livres ont trouv\u00e9 acqu\u00e9reur.<\/p>\n<p>La r\u00e9ussite r\u00e9side aussi dans la vigilance port\u00e9e aux moindres d\u00e9tails. L\u2019organisation m\u00e9thodique et transparente dans le choix d\u2019un nombre r\u00e9duit d\u2019\u00e9crivains, le soin m\u00e9ticuleux port\u00e9 aux conditions de leur installation et d\u2019exposition de leurs livres, l\u2019excellente animation avec 2 tables rondes et 2 conf\u00e9rences tr\u00e8s suivies, la bienveillante attention port\u00e9e aux visiteurs, autant d\u2019\u00e9l\u00e9ments qui, r\u00e9unis, ont favoris\u00e9 un climat quasi familial de s\u00e9r\u00e9nit\u00e9 curieuse et d\u2019int\u00e9r\u00eat partag\u00e9.<\/p>\n<p>Dans ce village aux 78 habitants recens\u00e9s, l\u2019\u00e9quipe peu nombreuse et solidaire de l \u2018ACFC (Association Culturelle de Frontignan de Comminges) s\u2019est mobilis\u00e9e durant plusieurs mois. Une dizaine d\u2019habitants, tous b\u00e9n\u00e9voles, s\u2019est activ\u00e9e \u00a0autour de la pr\u00e9sidente Marie-Claire M\u00e9ric, du maire Yves Planas et de l\u2019\u00e9crivain Christian Louis. Ce dernier, originaire du village et \u00a0bien connu des commingeois, est un habitu\u00e9 des salons du livre. Il a fait profiter de son exp\u00e9rience ce qu\u2019il appelle \u00able g\u00e9nie local\u00bb, incarn\u00e9 par l\u2019ACFC, par Marie-Claire M\u00e9ric et par Yves Planas, \u00abde sacr\u00e9es locomotives, ce qui fait que le salon \u00e9tait possible, ici et pas ailleurs, parce qu\u2019il y a dans ce village une culture de l\u2019organisation\u00bb.<\/p>\n<p>Le succ\u00e8s sourit aux audacieux qui le travaillent, avec la passion de leur territoire et de son environnement.<\/p>\n<p>\u00a0<\/p>\n<p><img fetchpriority=\"high\" decoding=\"async\" class=\"size-medium wp-image-235746\" src=\"https:\/\/www.europesays.com\/fr\/wp-content\/uploads\/2025\/08\/IMG_5336___-675x373.jpg\" alt=\"\" width=\"675\" height=\"373\"  \/>Frontignan de Comminges, \u00e9glise du village, dimanche 27 ao\u00fbt 2025, la conf\u00e9rence d\u2019Isaure Gratacos sur les traditions pyr\u00e9n\u00e9ennes a fait \u00ab\u00a0salle\u00a0\u00bb pleine.<\/p>\n","protected":false},"excerpt":{"rendered":"Succ\u00e8s vivement esp\u00e9r\u00e9 et n\u00e9anmoins inattendu par son ampleur, mais tellement m\u00e9rit\u00e9, pour le premier salon du livre&hellip;\n","protected":false},"author":2,"featured_media":294270,"comment_status":"","ping_status":"","sticky":false,"template":"","format":"standard","meta":{"footnotes":""},"categories":[1357],"tags":[1379,58,59,1011,27,1380,40651],"class_list":{"0":"post-294269","1":"post","2":"type-post","3":"status-publish","4":"format-standard","5":"has-post-thumbnail","7":"category-livres","8":"tag-books","9":"tag-divertissement","10":"tag-entertainment","11":"tag-fr","12":"tag-france","13":"tag-livres","14":"tag-salon-du-livre-de-frontignan-de-comminges"},"share_on_mastodon":{"url":"https:\/\/pubeurope.com\/@fr\/114966634524089671","error":""},"_links":{"self":[{"href":"https:\/\/www.europesays.com\/fr\/wp-json\/wp\/v2\/posts\/294269","targetHints":{"allow":["GET"]}}],"collection":[{"href":"https:\/\/www.europesays.com\/fr\/wp-json\/wp\/v2\/posts"}],"about":[{"href":"https:\/\/www.europesays.com\/fr\/wp-json\/wp\/v2\/types\/post"}],"author":[{"embeddable":true,"href":"https:\/\/www.europesays.com\/fr\/wp-json\/wp\/v2\/users\/2"}],"replies":[{"embeddable":true,"href":"https:\/\/www.europesays.com\/fr\/wp-json\/wp\/v2\/comments?post=294269"}],"version-history":[{"count":0,"href":"https:\/\/www.europesays.com\/fr\/wp-json\/wp\/v2\/posts\/294269\/revisions"}],"wp:featuredmedia":[{"embeddable":true,"href":"https:\/\/www.europesays.com\/fr\/wp-json\/wp\/v2\/media\/294270"}],"wp:attachment":[{"href":"https:\/\/www.europesays.com\/fr\/wp-json\/wp\/v2\/media?parent=294269"}],"wp:term":[{"taxonomy":"category","embeddable":true,"href":"https:\/\/www.europesays.com\/fr\/wp-json\/wp\/v2\/categories?post=294269"},{"taxonomy":"post_tag","embeddable":true,"href":"https:\/\/www.europesays.com\/fr\/wp-json\/wp\/v2\/tags?post=294269"}],"curies":[{"name":"wp","href":"https:\/\/api.w.org\/{rel}","templated":true}]}}