{"id":294283,"date":"2025-08-03T20:12:11","date_gmt":"2025-08-03T20:12:11","guid":{"rendered":"https:\/\/www.europesays.com\/fr\/294283\/"},"modified":"2025-08-03T20:12:11","modified_gmt":"2025-08-03T20:12:11","slug":"samsung-galaxy-s26-ultra-les-6-nouveautes-attendues-pour-en-faire-le-meilleur-smartphone-de-2026","status":"publish","type":"post","link":"https:\/\/www.europesays.com\/fr\/294283\/","title":{"rendered":"Samsung Galaxy S26 Ultra\u00a0: les 6\u00a0nouveaut\u00e9s attendues pour en faire le meilleur smartphone de 2026"},"content":{"rendered":"<p class=\"ed__a-p ed__bdy__l\">Le <a href=\"https:\/\/www.lesnumeriques.com\/telephone-portable\/samsung-galaxy-s25-ultra-p75590\/test.html\" title=\"Samsung Galaxy S25 Ultra : le nec plus IA des smartphones\" rel=\"nofollow noopener\" target=\"_blank\">Galaxy S25 Ultra<\/a> est l\u2019un des cadors du march\u00e9 des smartphones en cette ann\u00e9e 2025. Pour 2026, Samsung n\u2019h\u00e9siterait pas \u00e0 faire les choses en grand avec son Galaxy S26 Ultra, qui adopterait une arm\u00e9e de nouveaut\u00e9s. De la puissance \u00e0 l\u2019autonomie, en passant par la charge rapide, le design ainsi que l\u2019\u00e9cran, tout \u00e9voluerait. D\u00e9couvrez ici les 6 gros changements \u00e9voqu\u00e9s par les rumeurs !<\/p>\n<p>Plusieurs \u00e9volutions pour le design avec le Galaxy S26 Ultra<\/p>\n<p class=\"ed__a-p ed__bdy__l\">Pour commencer, le design du Galaxy S26 Ultra serait <a href=\"https:\/\/www.lesnumeriques.com\/telephone-portable\/samsung-galaxy-s26-ultra-design-affine-et-zoom-booste-pour-defier-l-iphone-17-pro-max-d-apple-n239339.html\" title=\"Samsung Galaxy S26 Ultra : design affin\u00e9 et zoom boost\u00e9 pour d\u00e9fier l\u2019iPhone 17 Pro Max d\u2019Apple\" rel=\"nofollow noopener\" target=\"_blank\">avant tout plus fin<\/a>, avec une \u00e9paisseur de moins de 8 mm \u2014 contre 8,2 mm pour le Galaxy S25 Ultra. Un effort bienvenu pour la prise en main, \u00e0 l\u2019inverse de l\u2019iPhone 17 Pro Max d\u2019Apple qui <a href=\"https:\/\/www.lesnumeriques.com\/telephone-portable\/iphone-17-pro-max-apple-le-rendrait-encore-plus-epais-a-cause-de-ce-changement-n234036.html\" title=\"iPhone 17 Pro Max : Apple le rendrait encore plus \u00e9pais \u00e0 cause de ce changement\" rel=\"nofollow noopener\" target=\"_blank\">gagnerait en gabarit<\/a>.<\/p>\n<p>            Publicit\u00e9, votre contenu continue ci-dessous<\/p>\n<p>        Publicit\u00e9<\/p>\n<p class=\"ed__a-p ed__bdy__l\">Pour les autres dimensions, Ice Universe <a href=\"https:\/\/x.com\/UniverseIce\/status\/1949820077425250595\" target=\"_blank\" rel=\"nofollow\">a r\u00e9cemment soulign\u00e9<\/a> que le futur smartphone premium de Samsung aurait \u201cune largeur et une hauteur l\u00e9g\u00e8rement accrues\u201d (environ +0,3 mm). Le poids baisserait au passage \u201cde quelques grammes\u201d, et permettrait ainsi de tomber sous les 218 g du mod\u00e8le actuel.<\/p>\n<p class=\"ed__a-p ed__bdy__l\">En plus de cela, l\u2019informateur a r\u00e9cemment partag\u00e9 un rendu 3D montrant le dos du Galaxy S26 Ultra. Cette g\u00e9n\u00e9ration opterait ainsi pour un nouveau module photo vertical regroupant les trois capteurs photo principaux \u2014 \u00e0 l\u2019instar des derniers Galaxy Z Fold. On retrouverait ensuite les autres objectifs et le flash LED \u00e0 droite, comme depuis les S22 Ultra.<\/p>\n<p class=\"ed__a-p ed__bdy__l\">Dernier changement notable pour le design : l\u2019\u00e9cran. En plus de gagner en taille, il adopterait une multitude d\u2019am\u00e9liorations bienvenues.<\/p>\n<p>Un \u00e9cran de 6,89 pouces qui changerait tout<\/p>\n<p class=\"ed__a-p ed__bdy__l\">Au niveau de l\u2019affichage, Samsung se remonterait clairement les manches pour <a href=\"https:\/\/www.lesnumeriques.com\/telephone-portable\/galaxy-s26-ultra-l-ecran-que-samsung-prepare-pour-ecraser-celui-de-l-iphone-17-pro-max-n240013.html\" title=\"Galaxy S26 Ultra : l\u2019\u00e9cran que Samsung pr\u00e9pare pour \u00e9craser celui de l\u2019iPhone 17 Pro Max\" rel=\"nofollow noopener\" target=\"_blank\">offrir une exp\u00e9rience toujours plus avanc\u00e9e<\/a> \u00e0 ses clients. Cela commencerait par une diagonale l\u00e9g\u00e8rement agrandie, passant de 6,86 pouces \u00e0 6,89 pouces. En prime, les bordures autour de l\u2019\u00e9cran s\u2019affineraient, tombant \u00e0 1,15 mm au lieu de 1,20 mm.<\/p>\n<p>            Publicit\u00e9, votre contenu continue ci-dessous<\/p>\n<p>        Publicit\u00e9<\/p>\n<p class=\"ed__a-p ed__bdy__l\">Mais ce ne serait pas tout ! On gagnerait aussi en luminosit\u00e9, l\u00e9g\u00e8ret\u00e9 et finesse gr\u00e2ce \u00e0 l\u2019introduction d\u2019une nouvelle technologie d\u2019\u00e9cran Oled, \u00e9quip\u00e9e d\u2019un filtre couleur \u00e0 encapsulation (CoE). Bonus non n\u00e9gligeable : elle permettrait de consommer moins d&rsquo;\u00e9nergie, et donc de gagner en autonomie.<\/p>\n<p class=\"ed__a-p ed__bdy__l\">Derni\u00e8re nouveaut\u00e9 attendue pour l\u2019\u00e9cran du Galaxy S26 Ultra : une troisi\u00e8me g\u00e9n\u00e9ration de verre anti-reflet, pour une visibilit\u00e9 fortement am\u00e9lior\u00e9e en ext\u00e9rieur ou sous de fortes sources lumineuses.<\/p>\n<p>Le Galaxy S26 Ultra aurait de la puissance \u00e0 revendre avec la Snapdragon 8 Elite 2<\/p>\n<p class=\"ed__a-p ed__bdy__l\">Sans grande surprise, les performances seraient au rendez-vous avec cette nouvelle g\u00e9n\u00e9ration. Le Galaxy S26 Ultra embarquerait ainsi la Snapdragon 8 Elite 2, bien plus puissante que la Snapdragon 8 Elite du Galaxy S25 Ultra. D\u2019apr\u00e8s <a href=\"https:\/\/weibo.com\/6048569942\/Pw9FKjHxL\" target=\"_blank\" rel=\"nofollow noopener\">de premiers tests<\/a>, le gain de puissance serait de 29 % en\u00a0single-core et de 12 % en\u00a0multi-core.<\/p>\n<p class=\"ed__a-p ed__bdy__l\">Si on ajoute \u00e0 cela un meilleur proc\u00e9d\u00e9 de gravure en 3 nm, le processeur de ce mod\u00e8le aurait tout pour plaire \u2014 entre performances et efficacit\u00e9 \u00e9nerg\u00e9tique am\u00e9lior\u00e9es. De quoi tenir encore plus longtemps et faire tourner tout type de jeux, et surtout faire passer l\u2019intelligence artificielle \u00e0 un tout autre niveau. Reste maintenant \u00e0 savoir ce que Samsung pr\u00e9parerait de ce c\u00f4t\u00e9-l\u00e0.<\/p>\n<p>Toujours plus d\u2019intelligence artificielle, mais sans Google ?<\/p>\n<p class=\"ed__a-p ed__bdy__l\">Dans l\u2019air du temps, Samsung persisterait dans le domaine de l\u2019intelligence artificielle. Cependant, le partenariat avec Google et son intelligence artificielle g\u00e9n\u00e9rative Gemini serait moins important que sur les g\u00e9n\u00e9rations pr\u00e9c\u00e9dentes.<\/p>\n<p class=\"ed__a-p ed__bdy__l\">Dans une <a href=\"https:\/\/www.youtube.com\/watch?v=UWpt2FWotlY\" target=\"_blank\" rel=\"nofollow noopener\">interview donn\u00e9e \u00e0 Bloomberg<\/a>, Won-Joon Choi, pr\u00e9sident de la section smartphone chez Samsung, a en effet \u00e9t\u00e9 clair sur ce sujet : d\u2019autres agents et assistants IA seront propos\u00e9s sur les Galaxy S26. De pr\u00e9c\u00e9dentes rumeurs parlaient d\u2019ailleurs d\u2019un rapprochement entre la firme sud-cor\u00e9enne ainsi que Perplexity et OpenAI (ChatGPT).<\/p>\n<p>            Publicit\u00e9, votre contenu continue ci-dessous<\/p>\n<p>        Publicit\u00e9<\/p>\n<p class=\"ed__a-p ed__bdy__l\">En prime, le dirigeant mentionnait le d\u00e9sir de Samsung d\u2019introduire encore plus d\u2019IA dans ses t\u00e9l\u00e9phones Galaxy \u2014 ce qui promettrait de grosses nouveaut\u00e9s avec les <a href=\"https:\/\/www.lesnumeriques.com\/telephone-portable\/galaxy-s26-et-s26-sur-la-sellette-vers-une-nouvelle-segmentation-en-2026-n240406.html\" title=\"Galaxy S26 et S26+ sur la sellette\u00a0: vers une nouvelle segmentation en 2026\u00a0?\" rel=\"nofollow noopener\" target=\"_blank\">Galaxy S26 Pro, S26 Edge et S26 Ultra<\/a> au d\u00e9but de l\u2019ann\u00e9e 2026.<\/p>\n<p class=\"ed__a-p ed__bdy__l\">Un choix logique lorsqu\u2019on sait que l\u2019adoption des outils Galaxy AI s\u2019est clairement acc\u00e9l\u00e9r\u00e9e avec les Galaxy S25, avec <a href=\"https:\/\/www.lesnumeriques.com\/telephone-portable\/galaxy-s25-deja-70-des-utilisateurs-adoptent-les-fonctions-ia-samsung-passe-a-la-vitesse-superieure-n239924.html\" title=\"Galaxy S25 : d\u00e9j\u00e0 70% des utilisateurs adoptent les fonctions IA, Samsung passe \u00e0 la vitesse sup\u00e9rieure\" rel=\"nofollow noopener\" target=\"_blank\">70 % des utilisateurs qui s\u2019en servent r\u00e9guli\u00e8rement<\/a>.<\/p>\n<p>Une vraie r\u00e9volution pour la charge rapide et l\u2019autonomie en 2026 ?<\/p>\n<p class=\"ed__a-p ed__bdy__l\">Limit\u00e9e \u00e0 45 W depuis quelques g\u00e9n\u00e9rations, la charge rapide \u00e9voluerait enfin avec le Galaxy S26 Ultra. Les rumeurs parlent en effet de l\u2019arriv\u00e9e d\u2019<a href=\"https:\/\/www.lesnumeriques.com\/telephone-portable\/samsung-galaxy-s26-ultra-batterie-similaire-au-s25-ultra-mais-des-surprises-pour-l-autonomie-n239103.html\" title=\"Samsung Galaxy S26 Ultra : batterie similaire au S25 Ultra, mais des surprises pour l\u2019autonomie\" rel=\"nofollow noopener\" target=\"_blank\">une puissance de 60 W<\/a> \u2014 soit une vitesse de recharge 33 % plus rapide. De quoi r\u00e9cup\u00e9rer de pr\u00e9cieux pourcentages de batterie en un rien de temps.<\/p>\n<p class=\"ed__a-p ed__bdy__l\">C\u00f4t\u00e9 autonomie, la batterie serait identique \u00e0 celle du Galaxy S25 Ultra, avec une capacit\u00e9 de 5 000 mAh. On note tout de m\u00eame que des bruits de couloirs parlent d\u2019une meilleure densit\u00e9 \u00e9nerg\u00e9tique, permettant ainsi de baisser la taille de la batterie, ce qui expliquerait la finesse am\u00e9lior\u00e9e sur ce mod\u00e8le dont nous parlions en d\u00e9but d\u2019article.<\/p>\n<p class=\"ed__a-p ed__bdy__l\">L\u2019arriv\u00e9e de la puce Snapdragon 8 Elite 2 ainsi qu\u2019une meilleure optimisation mat\u00e9rielle\/logicielle pourrait tout de m\u00eame am\u00e9liorer l\u2019endurance \u2014 d\u00e9j\u00e0 tr\u00e8s bonne sur le mod\u00e8le actuel. Il faudra cependant attendre l\u2019officialisation du Galaxy S26 Ultra en janvier 2026 pour en savoir plus \u00e0 ce sujet.<\/p>\n<p>Quelles am\u00e9liorations du c\u00f4t\u00e9 de la partie photo ?<\/p>\n<p class=\"ed__a-p ed__bdy__l\">La photographie, gros point fort des Galaxy S Ultra, profiterait de quelques am\u00e9liorations avec la g\u00e9n\u00e9ration de 2026. Aux derni\u00e8res nouvelles, seul l\u2019ultra grand-angle de 50 Mpx du Galaxy S25 Ultra serait conserv\u00e9.<\/p>\n<p class=\"ed__a-p ed__bdy__l\">D\u2019apr\u00e8s Ice Universe, la premi\u00e8re \u00e9volution serait le passage \u00e0 <a href=\"https:\/\/www.lesnumeriques.com\/telephone-portable\/samsung-galaxy-s26-ultra-design-affine-et-zoom-booste-pour-defier-l-iphone-17-pro-max-d-apple-n239339.html\" title=\"Samsung Galaxy S26 Ultra : design affin\u00e9 et zoom boost\u00e9 pour d\u00e9fier l\u2019iPhone 17 Pro Max d\u2019Apple\" rel=\"nofollow noopener\" target=\"_blank\">un t\u00e9l\u00e9objectif x3 de 12 Mpx<\/a> au lieu de 10 Mpx, pour d\u00e9livrer des images zoom\u00e9es plus d\u00e9taill\u00e9es. Ensuite, le capteur principal et le t\u00e9l\u00e9objectif x5 adopteraient <a href=\"https:\/\/x.com\/UniverseIce\/status\/1949820077425250595\/ \" target=\"_blank\" rel=\"nofollow\">des ouvertures plus grandes<\/a> afin d\u2019offrir de meilleures performances en basse lumi\u00e8re.<\/p>\n<p class=\"ed__a-p ed__bdy__l\">D\u2019autres divulg\u00e2cheurs parlent aussi d\u2019une cam\u00e9ra selfie am\u00e9lior\u00e9e, bien que les d\u00e9tails \u00e0 ce sujet ne soient pas encore connus.<\/p>\n","protected":false},"excerpt":{"rendered":"Le Galaxy S25 Ultra est l\u2019un des cadors du march\u00e9 des smartphones en cette ann\u00e9e 2025. Pour 2026,&hellip;\n","protected":false},"author":2,"featured_media":294284,"comment_status":"","ping_status":"","sticky":false,"template":"","format":"standard","meta":{"footnotes":""},"categories":[7],"tags":[1011,27,43,40,41,39,42,44],"class_list":{"0":"post-294283","1":"post","2":"type-post","3":"status-publish","4":"format-standard","5":"has-post-thumbnail","7":"category-sciences-et-technologies","8":"tag-fr","9":"tag-france","10":"tag-science","11":"tag-science-and-technology","12":"tag-sciences","13":"tag-sciences-et-technologies","14":"tag-technologies","15":"tag-technology"},"share_on_mastodon":{"url":"https:\/\/pubeurope.com\/@fr\/114966662083671401","error":""},"_links":{"self":[{"href":"https:\/\/www.europesays.com\/fr\/wp-json\/wp\/v2\/posts\/294283","targetHints":{"allow":["GET"]}}],"collection":[{"href":"https:\/\/www.europesays.com\/fr\/wp-json\/wp\/v2\/posts"}],"about":[{"href":"https:\/\/www.europesays.com\/fr\/wp-json\/wp\/v2\/types\/post"}],"author":[{"embeddable":true,"href":"https:\/\/www.europesays.com\/fr\/wp-json\/wp\/v2\/users\/2"}],"replies":[{"embeddable":true,"href":"https:\/\/www.europesays.com\/fr\/wp-json\/wp\/v2\/comments?post=294283"}],"version-history":[{"count":0,"href":"https:\/\/www.europesays.com\/fr\/wp-json\/wp\/v2\/posts\/294283\/revisions"}],"wp:featuredmedia":[{"embeddable":true,"href":"https:\/\/www.europesays.com\/fr\/wp-json\/wp\/v2\/media\/294284"}],"wp:attachment":[{"href":"https:\/\/www.europesays.com\/fr\/wp-json\/wp\/v2\/media?parent=294283"}],"wp:term":[{"taxonomy":"category","embeddable":true,"href":"https:\/\/www.europesays.com\/fr\/wp-json\/wp\/v2\/categories?post=294283"},{"taxonomy":"post_tag","embeddable":true,"href":"https:\/\/www.europesays.com\/fr\/wp-json\/wp\/v2\/tags?post=294283"}],"curies":[{"name":"wp","href":"https:\/\/api.w.org\/{rel}","templated":true}]}}