{"id":294287,"date":"2025-08-03T20:14:09","date_gmt":"2025-08-03T20:14:09","guid":{"rendered":"https:\/\/www.europesays.com\/fr\/294287\/"},"modified":"2025-08-03T20:14:09","modified_gmt":"2025-08-03T20:14:09","slug":"liran-envisage-deffacer-des-zeros-de-sa-monnaie-nationale","status":"publish","type":"post","link":"https:\/\/www.europesays.com\/fr\/294287\/","title":{"rendered":"L\u2019Iran envisage d\u2019effacer des z\u00e9ros de sa monnaie nationale"},"content":{"rendered":"<p>La commission \u00e9conomique du Parlement <a href=\"https:\/\/www.20minutes.fr\/monde\/iran\/\" class=\"color-ultramarine c-link\" target=\"_blank\" rel=\"noopener\">iranien<\/a> a approuv\u00e9 ce dimanche un projet de loi visant \u00e0 supprimer quatre z\u00e9ros de sa <a href=\"https:\/\/www.20minutes.fr\/dossier\/monnaie\" class=\"color-ultramarine c-link\" target=\"_blank\" rel=\"noopener\">monnaie<\/a> nationale en constante d\u00e9pr\u00e9ciation, a annonc\u00e9 un m\u00e9dia d\u2019Etat. Un ph\u00e9nom\u00e8ne attribu\u00e9 notamment aux sanctions internationales. Le gouverneur de la Banque centrale, Mohammad Reza Farzin, avait d\u00e9j\u00e0 d\u00e9clar\u00e9 en mai que le rial iranien \u00ab\u00a0ne jouit pas d\u2019une image favorable\u00a0\u00bb dans l\u2019\u00e9conomie mondiale.<\/p>\n<p>Selon le projet de loi, un nouveau rial vaudrait 10.000 rials actuels et serait subdivis\u00e9 en 100 gherans, une unit\u00e9 comparable au centime, selon Icana. La proposition a \u00e9t\u00e9 pr\u00e9sent\u00e9e pour la premi\u00e8re fois en\u00a02019, avant d\u2019\u00eatre abandonn\u00e9e. Elle doit \u00eatre soumise au vote du Parlement et obtenir l\u2019approbation du Conseil des gardiens, organe charg\u00e9 de l\u2019examen des lois.<\/p>\n<\/p>\n<p>Ces derni\u00e8res ann\u00e9es, le rial ne cesse de plonger notamment apr\u00e8s le retrait am\u00e9ricain en\u00a02018 d\u2019un accord sur le <a href=\"https:\/\/www.20minutes.fr\/dossier\/programme_nucleaire_iranien\" class=\"color-ultramarine c-link\" target=\"_blank\" rel=\"noopener\">programme nucl\u00e9aire iranien<\/a> et le r\u00e9tablissement des sanctions contre T\u00e9h\u00e9ran. Cette tendance s\u2019est particuli\u00e8rement acc\u00e9l\u00e9r\u00e9e depuis le retour en janvier \u00e0 la Maison-Blanche du pr\u00e9sident am\u00e9ricain <a href=\"https:\/\/www.20minutes.fr\/dossier\/donald_trump\" class=\"color-ultramarine c-link\" target=\"_blank\" rel=\"noopener\">Donald Trump<\/a>, dont le premier mandat avait \u00e9t\u00e9 marqu\u00e9 par une politique dite de \u00ab\u00a0pression maximale\u00a0\u00bb \u00e0 l\u2019encontre de l\u2019Iran. Ce dimanche, par exemple, un dollar s\u2019\u00e9changeait au march\u00e9 noir \u00e0 925.000 rials, contre 913.500 la veille, selon le quotidien \u00e9conomique Donya-e Eqtesad.<\/p>\n","protected":false},"excerpt":{"rendered":"La commission \u00e9conomique du Parlement iranien a approuv\u00e9 ce dimanche un projet de loi visant \u00e0 supprimer quatre&hellip;\n","protected":false},"author":2,"featured_media":294288,"comment_status":"","ping_status":"","sticky":false,"template":"","format":"standard","meta":{"footnotes":""},"categories":[5],"tags":[47,11,33,1011,27,14,3019,74,26439,12,28],"class_list":{"0":"post-294287","1":"post","2":"type-post","3":"status-publish","4":"format-standard","5":"has-post-thumbnail","7":"category-international","8":"tag-actualite","9":"tag-actualites","10":"tag-economie","11":"tag-fr","12":"tag-france","13":"tag-international","14":"tag-iran","15":"tag-monde","16":"tag-monnaie","17":"tag-news","18":"tag-world"},"share_on_mastodon":{"url":"https:\/\/pubeurope.com\/@fr\/114966669784103961","error":""},"_links":{"self":[{"href":"https:\/\/www.europesays.com\/fr\/wp-json\/wp\/v2\/posts\/294287","targetHints":{"allow":["GET"]}}],"collection":[{"href":"https:\/\/www.europesays.com\/fr\/wp-json\/wp\/v2\/posts"}],"about":[{"href":"https:\/\/www.europesays.com\/fr\/wp-json\/wp\/v2\/types\/post"}],"author":[{"embeddable":true,"href":"https:\/\/www.europesays.com\/fr\/wp-json\/wp\/v2\/users\/2"}],"replies":[{"embeddable":true,"href":"https:\/\/www.europesays.com\/fr\/wp-json\/wp\/v2\/comments?post=294287"}],"version-history":[{"count":0,"href":"https:\/\/www.europesays.com\/fr\/wp-json\/wp\/v2\/posts\/294287\/revisions"}],"wp:featuredmedia":[{"embeddable":true,"href":"https:\/\/www.europesays.com\/fr\/wp-json\/wp\/v2\/media\/294288"}],"wp:attachment":[{"href":"https:\/\/www.europesays.com\/fr\/wp-json\/wp\/v2\/media?parent=294287"}],"wp:term":[{"taxonomy":"category","embeddable":true,"href":"https:\/\/www.europesays.com\/fr\/wp-json\/wp\/v2\/categories?post=294287"},{"taxonomy":"post_tag","embeddable":true,"href":"https:\/\/www.europesays.com\/fr\/wp-json\/wp\/v2\/tags?post=294287"}],"curies":[{"name":"wp","href":"https:\/\/api.w.org\/{rel}","templated":true}]}}