{"id":294295,"date":"2025-08-03T20:18:11","date_gmt":"2025-08-03T20:18:11","guid":{"rendered":"https:\/\/www.europesays.com\/fr\/294295\/"},"modified":"2025-08-03T20:18:11","modified_gmt":"2025-08-03T20:18:11","slug":"saint-etienne-la-thillaye-exposition-artistique-dans-leglise-saint-pierre-du-4-au-16-aout","status":"publish","type":"post","link":"https:\/\/www.europesays.com\/fr\/294295\/","title":{"rendered":"Saint-Etienne-la-Thillaye. Exposition\u00a0artistique dans l\u2019\u00e9glise Saint-Pierre, du 4 au 16\u00a0ao\u00fbt"},"content":{"rendered":"<p><strong>\u00ab\u00a0Notre<a href=\"https:\/\/trouville-deauville.maville.com\/normandie\/calvados\/saint-etienne-la-thillaye\/concert-romantique-offert-par-musiques-et-patrimoine-3582117\" target=\"_blank\" rel=\"noopener\"> association Musiques et patrimoine (MUPA) \u00e0 Saint-Etienne-la Thillaye <\/a>(Calvados) est ressuscit\u00e9e<\/strong>\u00a0<strong>\u00bb, <\/strong>lance avec un enthousiasme communicatif <a href=\"https:\/\/trouville-deauville.maville.com\/normandie\/calvados\/saint-etienne-la-thillaye\/jean-olivier-gires-est-elu-president-des-balades-stephanoises-4016127\" target=\"_blank\" rel=\"noopener\">Jean-Olivier Gires<\/a>, pr\u00e9sident de l\u2019association. Il explique les objectifs de MUPA\u00a0: <strong>\u00ab\u00a0Ses ambitions sont de cr\u00e9er des \u00e9v\u00e9nements culturels et musicaux, et d\u2019assurer la sauvegarde de notre \u00e9glise, plac\u00e9e sous le vocable de Saint-Pierre, qui demande des travaux urgents. Elle a aussi comme but de pr\u00e9server le patrimoine b\u00e2ti et naturel de notre commune\u00a0\u00bb, <\/strong>insiste-t-il.<\/p>\n<p>Le patrimoine vivant n\u2019est pas exclu, \u00e0 l\u2019image des arbres et des chemins qu\u2019elle a d\u00e9j\u00e0 d\u00e9velopp\u00e9s \u00e0 son actif, et des nombreuses actions comme la r\u00e9habilitation de plusieurs kilom\u00e8tres de chemins ruraux laiss\u00e9s \u00e0 l\u2019abandon.<\/p>\n<p>Pour redonner un peu de fra\u00eecheur \u00e0 l\u2019association MUPA, ses membres aimeraient organiser un concert. En attendant, d\u00e9bordante d\u2019id\u00e9e, en accord avec le maire de la commune Bruno Vay et son \u00e9quipe municipale, elle innove, avec une exposition artistique et\u00a0culturelle originale. <strong>\u00ab<\/strong> <strong> <strong>\u00a0<\/strong>Notre \u00e9glise Saint-Pierre sera ouverte au public du 4 au 16\u00a0ao\u00fbt 2025. Il pourra d\u00e9couvrir et admirer les \u0153uvres peu connues d\u2019une artiste de Pont-l\u2019\u00c9v\u00eaque, Florence Lepoutre, dont <\/strong> <strong>le talent est reconnu au-del\u00e0 des fronti\u00e8res du pays d\u2019Auge.\u00a0\u00bb<\/strong><\/p>\n<p><strong>\u00ab\u00a0Je suis tr\u00e8s heureuse d\u2019exposer mes trois chemins de croix dans une \u00e9glise. Le premier a \u00e9t\u00e9 peint \u00e0 l\u2019acrylique sur tissu il y a environ dix-huit\u00a0ans, et est visible au centre de l\u2019\u00e9glise\u00a0; le second se trouve \u00e0 gauche de l\u2019\u00e9glise, il est plus classique. Le 3e est plus r\u00e9cent, de couleur rouge. Mes chemins de croix sont color\u00e9s, ils s\u2019apparentent bien avec les vitraux\u00a0\u00bb, <\/strong>d\u00e9taille l\u2019artiste.<\/p>\n<p><strong>Lire aussi\u00a0: <\/strong> <a href=\"https:\/\/trouville-deauville.maville.com\/actu\/actudet_-a-pont-l-eveque-le-village-de-l-association-akpadenou-fait-la-part-belle-a-la-diversite-culturelle-_4-6922671_actu.Htm\" target=\"_blank\" rel=\"noopener\">\u00c0 Pont-l\u2019\u00c9v\u00eaque, le Village de l\u2019association Akpadenou fait la part belle \u00e0 la diversit\u00e9 culturelle<\/a><\/p>\n<p>Florence Lepoutre sera pr\u00e9sente les 9 et 16\u00a0ao\u00fbt 2025, de 14\u00a0h \u00e0 18\u00a0h, pour <strong>\u00ab\u00a0r\u00e9aliser \u00e0 l\u2019aquarelle des croquis rapides et spontan\u00e9s de visage d\u2019enfants de 4 \u00e0 7\u00a0ans. Ces dessins seront vendus au profit des travaux dans l\u2019\u00e9glise\u00a0\u00bb, <\/strong>annonce le pr\u00e9sident. Ce sera aussi l\u2019occasion d\u2019admirer les v\u00eatements liturgiques du XIXe\u00a0si\u00e8cle. Pour les personnes int\u00e9ress\u00e9es pour rejoindre la MUPA, la cotisation est de 10\u00a0\u20ac par personne, 15\u00a0\u20ac par couple.<\/p>\n<p><strong>Du 4\u00a0ao\u00fbt au 16\u00a0ao\u00fbt 2025,<\/strong> de 14\u00a0h \u00e0 18\u00a0h, exposition dans l\u2019\u00e9glise Saint-Pierre. Entr\u00e9e libre.<\/p>\n<p>\u00a0<\/p>\n","protected":false},"excerpt":{"rendered":"\u00ab\u00a0Notre association Musiques et patrimoine (MUPA) \u00e0 Saint-Etienne-la Thillaye (Calvados) est ressuscit\u00e9e\u00a0\u00bb, lance avec un enthousiasme communicatif Jean-Olivier&hellip;\n","protected":false},"author":2,"featured_media":294296,"comment_status":"","ping_status":"","sticky":false,"template":"","format":"standard","meta":{"footnotes":""},"categories":[9653],"tags":[11707,17,15540,1111,11,2863,29354,2430,5492,12336,1777,674,3293,1011,27,12,25,4001,43426,29403],"class_list":{"0":"post-294295","1":"post","2":"type-post","3":"status-publish","4":"format-standard","5":"has-post-thumbnail","7":"category-saint-etienne","8":"tag-11707","9":"tag-17","10":"tag-15540","11":"tag-actu","12":"tag-actualites","13":"tag-aout","14":"tag-artistique","15":"tag-auvergne-rhone-alpes","16":"tag-caen","17":"tag-eglise","18":"tag-eu","19":"tag-europe","20":"tag-exposition","21":"tag-fr","22":"tag-france","23":"tag-news","24":"tag-republique-francaise","25":"tag-saint-etienne","26":"tag-saint-etienne-la-thillaye","27":"tag-saint-pierre"},"share_on_mastodon":{"url":"https:\/\/pubeurope.com\/@fr\/114966685438359538","error":""},"_links":{"self":[{"href":"https:\/\/www.europesays.com\/fr\/wp-json\/wp\/v2\/posts\/294295","targetHints":{"allow":["GET"]}}],"collection":[{"href":"https:\/\/www.europesays.com\/fr\/wp-json\/wp\/v2\/posts"}],"about":[{"href":"https:\/\/www.europesays.com\/fr\/wp-json\/wp\/v2\/types\/post"}],"author":[{"embeddable":true,"href":"https:\/\/www.europesays.com\/fr\/wp-json\/wp\/v2\/users\/2"}],"replies":[{"embeddable":true,"href":"https:\/\/www.europesays.com\/fr\/wp-json\/wp\/v2\/comments?post=294295"}],"version-history":[{"count":0,"href":"https:\/\/www.europesays.com\/fr\/wp-json\/wp\/v2\/posts\/294295\/revisions"}],"wp:featuredmedia":[{"embeddable":true,"href":"https:\/\/www.europesays.com\/fr\/wp-json\/wp\/v2\/media\/294296"}],"wp:attachment":[{"href":"https:\/\/www.europesays.com\/fr\/wp-json\/wp\/v2\/media?parent=294295"}],"wp:term":[{"taxonomy":"category","embeddable":true,"href":"https:\/\/www.europesays.com\/fr\/wp-json\/wp\/v2\/categories?post=294295"},{"taxonomy":"post_tag","embeddable":true,"href":"https:\/\/www.europesays.com\/fr\/wp-json\/wp\/v2\/tags?post=294295"}],"curies":[{"name":"wp","href":"https:\/\/api.w.org\/{rel}","templated":true}]}}