{"id":294297,"date":"2025-08-03T20:23:09","date_gmt":"2025-08-03T20:23:09","guid":{"rendered":"https:\/\/www.europesays.com\/fr\/294297\/"},"modified":"2025-08-03T20:23:09","modified_gmt":"2025-08-03T20:23:09","slug":"en-2026-le-festival-du-bout-du-monde-aura-lieu-du-vendredi-31-juillet-au-dimanche-2-aout","status":"publish","type":"post","link":"https:\/\/www.europesays.com\/fr\/294297\/","title":{"rendered":"En 2026, le festival du Bout du monde aura lieu du vendredi 31\u00a0juillet au dimanche 2\u00a0ao\u00fbt"},"content":{"rendered":"<p>Les concerts battent encore son plein, ce dimanche soir 3\u00a0ao\u00fbt 2025, au festival du Bout du monde, \u00e0 Crozon (Finist\u00e8re). Les <a href=\"https:\/\/www.ouest-france.fr\/festivals\/bout-du-monde\/video-festival-du-bout-du-monde-on-a-tous-danser-en-rond-avec-startijenn-faadbf74-fb75-3b8a-9113-24a564e8d42e\" target=\"_self\" rel=\"noopener\">festivaliers ont dans\u00e9 avec le groupe Startijenn<\/a> et d\u00e9couvert la <a href=\"https:\/\/www.ouest-france.fr\/festivals\/bout-du-monde\/video-bout-du-monde-en-coulisses-avec-le-groupe-mitsune-quelques-minutes-avant-son-concert-d993a9fd-79d5-38f7-9b8e-eb630471d66d\" target=\"_self\" rel=\"noopener\">pop japonaise et psych\u00e9d\u00e9lique de Mitsune<\/a>. Le Bout du monde 2025 est presque termin\u00e9, vive le Bout du monde 2026. Alors qu\u2019il a d\u2019habitude lieu pendant le 1er\u00a0week-end d\u2019ao\u00fbt, il aura lieu d\u00e8s fin juillet, l\u2019ann\u00e9e prochaine\u00a0: du vendredi 31\u00a0juillet au dimanche 2\u00a0ao\u00fbt 2026.\u00a0Pour r\u00e9pondre aux probl\u00e8mes de bouchons, les organisateurs du festival r\u00e9fl\u00e9chissent \u00e0 ouvrir les parkings plus t\u00f4t, d\u00e8s le jeudi, \u00e0 14\u00a0h. Pour l\u2019instant, ils n\u2019annoncent pas de noms d\u2019artistes.<\/p>\n<p>\u00a0<\/p>\n","protected":false},"excerpt":{"rendered":"Les concerts battent encore son plein, ce dimanche soir 3\u00a0ao\u00fbt 2025, au festival du Bout du monde, \u00e0&hellip;\n","protected":false},"author":2,"featured_media":294298,"comment_status":"","ping_status":"","sticky":false,"template":"","format":"standard","meta":{"footnotes":""},"categories":[9619],"tags":[5742,5734,17150,1111,11,2863,18139,6664,1777,674,849,1011,27,2868,7018,74,12,882,25,2310,6949],"class_list":{"0":"post-294297","1":"post","2":"type-post","3":"status-publish","4":"format-standard","5":"has-post-thumbnail","7":"category-toulon","8":"tag-5742","9":"tag-5734","10":"tag-17150","11":"tag-actu","12":"tag-actualites","13":"tag-aout","14":"tag-bout","15":"tag-dimanche","16":"tag-eu","17":"tag-europe","18":"tag-festival","19":"tag-fr","20":"tag-france","21":"tag-juillet","22":"tag-lieu","23":"tag-monde","24":"tag-news","25":"tag-provence-alpes-cote-dazur","26":"tag-republique-francaise","27":"tag-toulon","28":"tag-vendredi"},"share_on_mastodon":{"url":"https:\/\/pubeurope.com\/@fr\/114966705100215770","error":""},"_links":{"self":[{"href":"https:\/\/www.europesays.com\/fr\/wp-json\/wp\/v2\/posts\/294297","targetHints":{"allow":["GET"]}}],"collection":[{"href":"https:\/\/www.europesays.com\/fr\/wp-json\/wp\/v2\/posts"}],"about":[{"href":"https:\/\/www.europesays.com\/fr\/wp-json\/wp\/v2\/types\/post"}],"author":[{"embeddable":true,"href":"https:\/\/www.europesays.com\/fr\/wp-json\/wp\/v2\/users\/2"}],"replies":[{"embeddable":true,"href":"https:\/\/www.europesays.com\/fr\/wp-json\/wp\/v2\/comments?post=294297"}],"version-history":[{"count":0,"href":"https:\/\/www.europesays.com\/fr\/wp-json\/wp\/v2\/posts\/294297\/revisions"}],"wp:featuredmedia":[{"embeddable":true,"href":"https:\/\/www.europesays.com\/fr\/wp-json\/wp\/v2\/media\/294298"}],"wp:attachment":[{"href":"https:\/\/www.europesays.com\/fr\/wp-json\/wp\/v2\/media?parent=294297"}],"wp:term":[{"taxonomy":"category","embeddable":true,"href":"https:\/\/www.europesays.com\/fr\/wp-json\/wp\/v2\/categories?post=294297"},{"taxonomy":"post_tag","embeddable":true,"href":"https:\/\/www.europesays.com\/fr\/wp-json\/wp\/v2\/tags?post=294297"}],"curies":[{"name":"wp","href":"https:\/\/api.w.org\/{rel}","templated":true}]}}