{"id":294299,"date":"2025-08-03T20:26:14","date_gmt":"2025-08-03T20:26:14","guid":{"rendered":"https:\/\/www.europesays.com\/fr\/294299\/"},"modified":"2025-08-03T20:26:14","modified_gmt":"2025-08-03T20:26:14","slug":"des-projections-gratuites-dans-14-communes-de-la-metropole-de-montpellier","status":"publish","type":"post","link":"https:\/\/www.europesays.com\/fr\/294299\/","title":{"rendered":"des projections gratuites dans 14 communes de la M\u00e9tropole de Montpellier"},"content":{"rendered":"<p>\nLe festival Cin\u00e9ma sous les \u00e9toiles revient en ao\u00fbt avec 14 projections gratuites \u00e0 ciel ouvert dans la m\u00e9tropole de Montpellier.<\/p>\n<p>\n\u00a9 Photo d\u2019illustration.<\/p>\n<p>Du 12 au 28 ao\u00fbt 2025, 14 projections gratuites en plein air auront lieu dans toute la M\u00e9tropole de <a href=\"https:\/\/infoccitanie.fr\/tag\/montpellier\/\" rel=\"nofollow noopener\" target=\"_blank\">Montpellier<\/a>, dans le cadre du festival <strong>\u00ab\u00a0Cin\u00e9ma sous les \u00e9toiles\u00a0\u00bb<\/strong>. De Vendargues \u00e0 Lav\u00e9rune en passant par la piscine Jean Vives, chaque s\u00e9ance propose un film en lien avec le territoire, dans une ambiance conviviale, entre foodtrucks et guirlandes lumineuses. Un rendez-vous estival m\u00ealant patrimoine local et grand \u00e9cran, port\u00e9 par la M\u00e9tropole et le Domaine d\u2019O.<\/p>\n<p>Programme complet<\/p>\n<ul class=\"wp-block-list\">\n<li><strong>12 ao\u00fbt<\/strong> \u2013 Balle perdue 3<br \/>Vendargues \u2013 Ar\u00e8nes<\/li>\n<li><strong>13 ao\u00fbt<\/strong> \u2013 Le petit baigneur<br \/>Cournonsec \u2013 Esplanade Briou Garenne<\/li>\n<li><strong>14 ao\u00fbt<\/strong> \u2013 Soir\u00e9e Piscine<br \/>Piscine Jean Viv\u00e8s, Montpellier<br \/>R\u00e9servation sur place \u00e0 partir du 1er juillet<\/li>\n<li><strong>18 ao\u00fbt<\/strong> \u2013 Cartouche<br \/>Cournonterral \u2013 Esplanade<\/li>\n<li><strong>19 ao\u00fbt<\/strong> \u2013 They Shot the Piano Player<br \/>Saint-Jean-de-V\u00e9das \u2013 Parc du Terral<\/li>\n<li><strong>20 ao\u00fbt<\/strong> \u2013 Les vieux fourneaux<br \/>Prades-le-Lez \u2013 Plaine du Lez \/ Stade<\/li>\n<li><strong>21 ao\u00fbt<\/strong> \u2013 De vrais mensonges<br \/>Montaud \u2013 Stade de football<\/li>\n<li><strong>22 ao\u00fbt<\/strong> \u2013 La Grande boucle<br \/>P\u00e9rols \u2013 Th\u00e9\u00e2tre de verdure du parcours de sant\u00e9<\/li>\n<li><strong>23 ao\u00fbt<\/strong> \u2013 K\u00e9rity, la maison des contes<br \/>Soir\u00e9e jeune public \u2013 Film \u00e0 21h<br \/>Saint-Br\u00e8s \u2013 Parc de l\u2019escargot<\/li>\n<li><strong>24 ao\u00fbt<\/strong> \u2013 Libre Garance !<br \/>Juvignac \u2013 Parc Saint-Hubert<\/li>\n<li><strong>25 ao\u00fbt<\/strong> \u2013 M\u00e9andres ou la rivi\u00e8re invent\u00e9e<br \/>Murviel-l\u00e8s-Montpellier \u2013 Pr\u00e9 du Carabiol<\/li>\n<li><strong>27 ao\u00fbt<\/strong> \u2013 Soir\u00e9e courts-m\u00e9trages autour de l\u2019amiti\u00e9<br \/>En partenariat avec le service Cr\u00e9ation artistique de la M\u00e9tropole<br \/>Villeneuve-l\u00e8s-Maguelone \u2013 Cour de l\u2019\u00e9cole Pierre Bouissinet<\/li>\n<li><strong>27 ao\u00fbt<\/strong> \u2013 Dilili \u00e0 Paris<br \/>Soir\u00e9e famille<br \/>Villeneuve-l\u00e8s-Maguelone \u2013 Cour de l\u2019\u00e9cole Pierre Bouissinet<\/li>\n<li><strong>28 ao\u00fbt<\/strong> \u2013 Le Comte de Monte Cristo<br \/>Soir\u00e9e de cl\u00f4ture<br \/>Lav\u00e9rune \u2013 Parc du Ch\u00e2teau<\/li>\n<\/ul>\n<p>Pour en savoir plus <a href=\"https:\/\/www.eterritoire.fr\/detail\/activites-touristiques\/cinema-sous-les-etoiles\/208759016\/occitanie,herault,montpellier(34000)\" target=\"_blank\" rel=\"nofollow noopener\">cliquez ici.<\/a><\/p>\n","protected":false},"excerpt":{"rendered":"Le festival Cin\u00e9ma sous les \u00e9toiles revient en ao\u00fbt avec 14 projections gratuites \u00e0 ciel ouvert dans la&hellip;\n","protected":false},"author":2,"featured_media":294300,"comment_status":"","ping_status":"","sticky":false,"template":"","format":"standard","meta":{"footnotes":""},"categories":[9599],"tags":[1111,11,650,1777,674,1011,27,2208,12,2680,25],"class_list":{"0":"post-294299","1":"post","2":"type-post","3":"status-publish","4":"format-standard","5":"has-post-thumbnail","7":"category-montpellier","8":"tag-actu","9":"tag-actualites","10":"tag-cinema","11":"tag-eu","12":"tag-europe","13":"tag-fr","14":"tag-france","15":"tag-montpellier","16":"tag-news","17":"tag-occitanie","18":"tag-republique-francaise"},"share_on_mastodon":{"url":"https:\/\/pubeurope.com\/@fr\/114966716908576349","error":""},"_links":{"self":[{"href":"https:\/\/www.europesays.com\/fr\/wp-json\/wp\/v2\/posts\/294299","targetHints":{"allow":["GET"]}}],"collection":[{"href":"https:\/\/www.europesays.com\/fr\/wp-json\/wp\/v2\/posts"}],"about":[{"href":"https:\/\/www.europesays.com\/fr\/wp-json\/wp\/v2\/types\/post"}],"author":[{"embeddable":true,"href":"https:\/\/www.europesays.com\/fr\/wp-json\/wp\/v2\/users\/2"}],"replies":[{"embeddable":true,"href":"https:\/\/www.europesays.com\/fr\/wp-json\/wp\/v2\/comments?post=294299"}],"version-history":[{"count":0,"href":"https:\/\/www.europesays.com\/fr\/wp-json\/wp\/v2\/posts\/294299\/revisions"}],"wp:featuredmedia":[{"embeddable":true,"href":"https:\/\/www.europesays.com\/fr\/wp-json\/wp\/v2\/media\/294300"}],"wp:attachment":[{"href":"https:\/\/www.europesays.com\/fr\/wp-json\/wp\/v2\/media?parent=294299"}],"wp:term":[{"taxonomy":"category","embeddable":true,"href":"https:\/\/www.europesays.com\/fr\/wp-json\/wp\/v2\/categories?post=294299"},{"taxonomy":"post_tag","embeddable":true,"href":"https:\/\/www.europesays.com\/fr\/wp-json\/wp\/v2\/tags?post=294299"}],"curies":[{"name":"wp","href":"https:\/\/api.w.org\/{rel}","templated":true}]}}