{"id":294307,"date":"2025-08-03T20:36:10","date_gmt":"2025-08-03T20:36:10","guid":{"rendered":"https:\/\/www.europesays.com\/fr\/294307\/"},"modified":"2025-08-03T20:36:10","modified_gmt":"2025-08-03T20:36:10","slug":"dylan-rocher-triomphe-avec-diego-rizzi-et-stephane-robineau-a-nice-face-a-une-triplette-ardechoise","status":"publish","type":"post","link":"https:\/\/www.europesays.com\/fr\/294307\/","title":{"rendered":"Dylan Rocher triomphe avec Diego Rizzi et St\u00e9phane Robineau \u00e0 Nice face \u00e0 une triplette ard\u00e9choise"},"content":{"rendered":"<p>Il n&rsquo;y a pas eu photo entre <a href=\"https:\/\/www.ledauphine.com\/p\/dylan-rocher\" target=\"_blank\" rel=\"noopener\">Dylan Rocher<\/a> associ\u00e9 \u00e0 ses comp\u00e8res de Fr\u00e9jus Diego Rizzi et St\u00e9phane Robineau, et ses adversaires successifs, ce dimanche \u00e0 Nice, lors de la sixi\u00e8me \u00e9tape du circuit PPF.\u00a0<\/p>\n<p>13-0 en huiti\u00e8mes, 13-1 en demi-finales, 13-0 en 37 minutes en finale face aux Ard\u00e9chois de Bourg-Saint-And\u00e9ol, Robin Chaneac, Brandon Blanc et Nicky Gargowitch, la dream team varoise n&rsquo;a fait qu&rsquo;une bouch\u00e9e de ses adversaires. Avec en point d&rsquo;orgue, ce carreau gagnant pour clore ce tournoi sur la C\u00f4te d&rsquo;Azur.<\/p>\n<p>Ce contenu est bloqu\u00e9 car vous n&rsquo;avez pas accept\u00e9 les cookies et autres traceurs.<\/p>\n<p>En cliquant sur \u00ab J\u2019accepte \u00bb, les cookies et autres traceurs seront d\u00e9pos\u00e9s et vous pourrez visualiser les contenus  (<a href=\"\" class=\"consentModule_policy\" target=\"_blank\" title=\"Consulter la politique de protection des donn\u00e9es du fournisseur\">plus d&rsquo;informations<\/a>).<\/p>\n<p>En cliquant sur \u00ab J\u2019accepte tous les cookies \u00bb, vous autorisez des d\u00e9p\u00f4ts de cookies et autres traceurs pour le stockage de vos donn\u00e9es sur nos sites et applications \u00e0 des fins de personnalisation et de ciblage publicitaire.<\/p>\n<p class=\"consentModule_secondaryText\">Vous gardez la possibilit\u00e9 de retirer votre consentement \u00e0 tout moment en consultant notre <a href=\"https:\/\/www.ledauphine.com\/protection-des-donnees\" target=\"_blank\" title=\"Consulter notre politique de protection des donn\u00e9es\" rel=\"noopener\">politique de protection des donn\u00e9es<\/a>. <br \/>&#13;<br \/>\n            <a href=\"https:\/\/www.ledauphine.com\/sport\/2025\/08\/03\/javascript:Didomi.notice.show()\" class=\"consentModule_cmp\" target=\"_blank\" rel=\"noopener\">G\u00e9rer mes choix<\/a>&#13;\n        <\/p>\n<p>&#13;<br \/>\n                        J&rsquo;accepte&#13;<br \/>\n            J&rsquo;accepte tous les cookies&#13;\n        <\/p>\n<p>Place d\u00e9sormais \u00e0 la prochaine \u00e9tape du Masters de P\u00e9tanque \u00e0\u00a0Palavas-les-Flots (mardi)\u00a0o\u00f9 le Dr\u00f4mois d&rsquo;adoption retrouvera ses comp\u00e8re Jean \u201cMoineau\u201d Feltain et Henri Lacroix.<\/p>\n","protected":false},"excerpt":{"rendered":"Il n&rsquo;y a pas eu photo entre Dylan Rocher associ\u00e9 \u00e0 ses comp\u00e8res de Fr\u00e9jus Diego Rizzi et&hellip;\n","protected":false},"author":2,"featured_media":294308,"comment_status":"","ping_status":"","sticky":false,"template":"","format":"standard","meta":{"footnotes":""},"categories":[2819],"tags":[1111,11,4646,6621,4643,2730,4645,1777,674,107,1701,1011,27,12,2401,882,25,1479,2736,517,2733,2734],"class_list":{"0":"post-294307","1":"post","2":"type-post","3":"status-publish","4":"format-standard","5":"has-post-thumbnail","7":"category-nice","8":"tag-actu","9":"tag-actualites","10":"tag-ardeche","11":"tag-boules","12":"tag-bourg-saint-andeol","13":"tag-drome","14":"tag-edition-aubenas-privas-vallee-du-rhone","15":"tag-eu","16":"tag-europe","17":"tag-fil-info","18":"tag-fil-info-sport","19":"tag-fr","20":"tag-france","21":"tag-news","22":"tag-nice","23":"tag-provence-alpes-cote-dazur","24":"tag-republique-francaise","25":"tag-romans","26":"tag-romans-sur-isere","27":"tag-sport","28":"tag-valence","29":"tag-valence-bassin"},"share_on_mastodon":{"url":"https:\/\/pubeurope.com\/@fr\/114966756232579142","error":""},"_links":{"self":[{"href":"https:\/\/www.europesays.com\/fr\/wp-json\/wp\/v2\/posts\/294307","targetHints":{"allow":["GET"]}}],"collection":[{"href":"https:\/\/www.europesays.com\/fr\/wp-json\/wp\/v2\/posts"}],"about":[{"href":"https:\/\/www.europesays.com\/fr\/wp-json\/wp\/v2\/types\/post"}],"author":[{"embeddable":true,"href":"https:\/\/www.europesays.com\/fr\/wp-json\/wp\/v2\/users\/2"}],"replies":[{"embeddable":true,"href":"https:\/\/www.europesays.com\/fr\/wp-json\/wp\/v2\/comments?post=294307"}],"version-history":[{"count":0,"href":"https:\/\/www.europesays.com\/fr\/wp-json\/wp\/v2\/posts\/294307\/revisions"}],"wp:featuredmedia":[{"embeddable":true,"href":"https:\/\/www.europesays.com\/fr\/wp-json\/wp\/v2\/media\/294308"}],"wp:attachment":[{"href":"https:\/\/www.europesays.com\/fr\/wp-json\/wp\/v2\/media?parent=294307"}],"wp:term":[{"taxonomy":"category","embeddable":true,"href":"https:\/\/www.europesays.com\/fr\/wp-json\/wp\/v2\/categories?post=294307"},{"taxonomy":"post_tag","embeddable":true,"href":"https:\/\/www.europesays.com\/fr\/wp-json\/wp\/v2\/tags?post=294307"}],"curies":[{"name":"wp","href":"https:\/\/api.w.org\/{rel}","templated":true}]}}