{"id":294320,"date":"2025-08-03T20:44:12","date_gmt":"2025-08-03T20:44:12","guid":{"rendered":"https:\/\/www.europesays.com\/fr\/294320\/"},"modified":"2025-08-03T20:44:12","modified_gmt":"2025-08-03T20:44:12","slug":"emploi-le-nord-serait-le-pire-departement-pour-demarrer-sa-vie-professionnelle-pour-ces-3-raisons","status":"publish","type":"post","link":"https:\/\/www.europesays.com\/fr\/294320\/","title":{"rendered":"Emploi. Le Nord serait le pire d\u00e9partement pour d\u00e9marrer sa vie professionnelle pour ces 3 raisons"},"content":{"rendered":"<p>            Par<br \/>\n        <strong><br \/>\n            <a href=\"https:\/\/actu.fr\/auteur\/hervine-mahaud\" title=\"Consulter tous les articles de Hervine Mahaud\" target=\"_blank\" rel=\"noopener\">Hervine Mahaud<\/a><br \/>\n        <\/strong><\/p>\n<p>        Publi\u00e9 le<\/p>\n<p>            3 ao\u00fbt 2025 \u00e0 17h06        <\/p>\n<p data-end=\"612\">Alors que <b>l\u2019insertion professionnelle des jeunes<\/b> reste un d\u00e9fi national, certains territoires se r\u00e9v\u00e8lent plus hostiles que d\u2019autres au moment de d\u00e9buter sa <b>carri\u00e8re<\/b>. C\u2019est le cas du <b>Nord<\/b> qui, selon une \u00e9tude de la plateforme internationale de recherche d\u2019emploi <a href=\"https:\/\/www.jobleads.com\/fr\" target=\"_blank\" rel=\"noopener\">JobLeads<\/a>, figure <b data-end=\"525\">ex <\/b><b>\u00e6quo \u00e0 la derni\u00e8re place d\u2019un classement<\/b> des d\u00e9partements m\u00e9tropolitains les plus favorables aux <b>jeunes actifs<\/b>. Voici les trois raisons qui plombent le tableau.<\/p>\n<p>Loyers \u00e9lev\u00e9s, opportunit\u00e9s rares<\/p>\n<p data-end=\"1362\" class=\" wall-content\">Avec un <b data-end=\"685\">score de 2,74 sur 10<\/b>, le Nord partage la queue du classement avec le Gard. Si <a href=\"https:\/\/actu.fr\/lille\/\" target=\"_blank\" rel=\"noopener\">Lille<\/a> rayonne par son attractivit\u00e9 <a href=\"https:\/\/actu.fr\/tag\/etudiantses\" target=\"_blank\" rel=\"noopener\">\u00e9tudiante<\/a> et son dynamisme culturel, la transition vers la vie active se heurte \u00e0 de s\u00e9rieux obstacles.<\/p>\n<p data-end=\"1362\" class=\" wall-content\">\u00ab\u00a0Malgr\u00e9 la forte activit\u00e9 \u00e9tudiante de Lille et un salaire net moyen de 1\u202f727\u202f\u20ac (pr\u00e8s de 300\u202f\u20ac au-dessus du Smic), le d\u00e9partement peine \u00e0 offrir des conditions favorables aux jeunes en d\u00e9but de carri\u00e8re\u00a0\u00bb, explique l\u2019\u00e9tude.<\/p>\n<p data-end=\"1362\" class=\" wall-content\">En effet, le <b data-end=\"933\">loyer moyen pour un T2<\/b> atteint <b data-end=\"969\">721 \u20ac charges comprises<\/b>, un montant \u00e9lev\u00e9 pour la r\u00e9gion, tandis que les opportunit\u00e9s professionnelles accessibles aux d\u00e9butants restent limit\u00e9es : <b data-end=\"1143\">seulement 2,38 offres pour 10 000 habitants<\/b>, bien en dessous de la moyenne du classement (3,51).<br data-end=\"1204\"\/>Enfin, s\u2019ajoute un indicateur particuli\u00e8rement pr\u00e9occupant : <b data-end=\"1320\">173 jeunes inscrits \u00e0 France Travail pour 10 000 habitants<\/b>, \u00a0soit l\u2019un des\u00a0pires taux du classement.<\/p>\n<p>Un contraste saisissant<\/p>\n<p data-end=\"1671\" class=\" wall-content\">Ce mauvais classement peut surprendre au regard de la vitalit\u00e9 \u00e9conomique et urbaine de Lille. Mais pour <b data-end=\"1523\">Jan Hendrik von Ahlen<\/b>, cofondateur et directeur g\u00e9n\u00e9ral de JobLeads, cela illustre un \u00e9cart persistant entre l\u2019envie de travailler des jeunes et la r\u00e9alit\u00e9 du march\u00e9 :<\/p>\n<p data-end=\"1959\" class=\" wall-content\">\u00ab\u00a0Contrairement \u00e0 certains discours dominants qui pr\u00e9tendent que \u2018<b>les jeunes ne veulent plus travailler<\/b>\u2018, les donn\u00e9es racontent une toute autre histoire. <b>Beaucoup se heurtent \u00e0 une r\u00e9alit\u00e9 qui \u00e9puise<\/b> : loyers trop \u00e9lev\u00e9s, salaires bas, pr\u00e9carit\u00e9 des contrats, manque d\u2019opportunit\u00e9s accessibles en d\u00e9but de carri\u00e8re. Il est donc <b>facile de sombrer dans le d\u00e9faitisme<\/b> lorsqu\u2019on a le sentiment de faire tout \u2018comme il faut\u2019 sans que cela paie.\u00a0\u00bb<\/p>\n<p data-end=\"2275\" class=\" wall-content\">Selon lui, <b data-end=\"2057\">80 % des jeunes actifs continueraient \u00e0 travailler m\u00eame sans n\u00e9cessit\u00e9 financi\u00e8re<\/b>, \u00e0 condition que leur emploi ait du sens. Par ailleurs, <b data-end=\"2193\">40 % des 18\u201334 ans se disent pr\u00eats \u00e0 gagner moins si leur emploi est utile \u00e0 la soci\u00e9t\u00e9<\/b>. \u00ab\u00a0Mais encore faut-il pouvoir se loger, se nourrir et vivre dignement sans se priver pour \u0153uvrer dans ces secteurs.\u00a0\u00bb<\/p>\n<p>O\u00f9 commencer sa carri\u00e8re ?<\/p>\n<p data-end=\"2685\" class=\" wall-content\">En t\u00eate du classement, on retrouve des territoires comme <b data-end=\"2379\">la Savoie<\/b>, <b data-end=\"2394\">l\u2019Aveyron<\/b> ou <b data-end=\"2411\">la Manche<\/b>, o\u00f9 les loyers sont plus abordables, les salaires d\u00e9cents et les offres accessibles plus nombreuses.<br data-end=\"2515\"\/>Pour le directeur g\u00e9n\u00e9ral de JobLeads, identifier ces zones est crucial pour \u00ab\u00a0adapter nos mod\u00e8les aux aspirations d\u2019une g\u00e9n\u00e9ration lucide, engag\u00e9e et bien plus travailleuse qu\u2019on ne le pense\u00a0\u00bb.<\/p>\n<p>M\u00e9thodologie : l\u2019\u00e9tude, r\u00e9alis\u00e9e le 5 juillet 2025, a analys\u00e9 les loyers moyens constat\u00e9s pour les T2 de 30 \u00e0 55 m\u00b2, le salaire net mensuel moyen pour les moins de 26 ans, le nombre d\u2019offres accessibles aux profils d\u00e9butants et taux de ch\u00f4mage des moins de 25 ans dans chaque d\u00e9partement m\u00e9tropolitain (les d\u00e9partements et r\u00e9gions d\u2019outre-mer n\u2019ont pas \u00e9t\u00e9 inclus, en raison de donn\u00e9es insuffisantes), pour \u00e9tablir un indice de lancement de carri\u00e8re sur 10. L\u2019ensemble des donn\u00e9es est <a href=\"https:\/\/docs.google.com\/spreadsheets\/d\/1rXFXIXdLzsASChtbtlUELPxAwkOWA7gcxtb77pCyiRE\/edit?gid=1129584599#gid=1129584599\" target=\"_blank\" rel=\"noopener\">disponible\u00a0ici<\/a>.<\/p>\n<p class=\" wall-content\">Suivez toute l\u2019actualit\u00e9 de vos villes et m\u00e9dias favoris en vous inscrivant \u00e0 <a href=\"https:\/\/moncompte.actu.fr\" title=\"D\u00e9couvez Mon Actu\" rel=\"nofollow noopener\" data-trk=\"{&quot;cta&quot;:{&quot;action&quot;:&quot;https:\\\/\\\/moncompte.actu.fr&quot;,&quot;category&quot;:&quot;mon compte&quot;,&quot;from&quot;:&quot;article footer&quot;,&quot;name&quot;:&quot;Mon actu&quot;,&quot;type&quot;:&quot;cta&quot;}}\" target=\"_blank\">Mon Actu<\/a>.<\/p>\n","protected":false},"excerpt":{"rendered":"Par Hervine Mahaud Publi\u00e9 le 3 ao\u00fbt 2025 \u00e0 17h06 Alors que l\u2019insertion professionnelle des jeunes reste un&hellip;\n","protected":false},"author":2,"featured_media":294321,"comment_status":"","ping_status":"","sticky":false,"template":"","format":"standard","meta":{"footnotes":""},"categories":[2815],"tags":[1111,11,33,341,1064,1777,674,1011,27,811,1307,12,25],"class_list":{"0":"post-294320","1":"post","2":"type-post","3":"status-publish","4":"format-standard","5":"has-post-thumbnail","7":"category-lille","8":"tag-actu","9":"tag-actualites","10":"tag-economie","11":"tag-emploi","12":"tag-etudiantses","13":"tag-eu","14":"tag-europe","15":"tag-fr","16":"tag-france","17":"tag-hauts-de-france","18":"tag-lille","19":"tag-news","20":"tag-republique-francaise"},"share_on_mastodon":{"url":"https:\/\/pubeurope.com\/@fr\/114966787833519365","error":""},"_links":{"self":[{"href":"https:\/\/www.europesays.com\/fr\/wp-json\/wp\/v2\/posts\/294320","targetHints":{"allow":["GET"]}}],"collection":[{"href":"https:\/\/www.europesays.com\/fr\/wp-json\/wp\/v2\/posts"}],"about":[{"href":"https:\/\/www.europesays.com\/fr\/wp-json\/wp\/v2\/types\/post"}],"author":[{"embeddable":true,"href":"https:\/\/www.europesays.com\/fr\/wp-json\/wp\/v2\/users\/2"}],"replies":[{"embeddable":true,"href":"https:\/\/www.europesays.com\/fr\/wp-json\/wp\/v2\/comments?post=294320"}],"version-history":[{"count":0,"href":"https:\/\/www.europesays.com\/fr\/wp-json\/wp\/v2\/posts\/294320\/revisions"}],"wp:featuredmedia":[{"embeddable":true,"href":"https:\/\/www.europesays.com\/fr\/wp-json\/wp\/v2\/media\/294321"}],"wp:attachment":[{"href":"https:\/\/www.europesays.com\/fr\/wp-json\/wp\/v2\/media?parent=294320"}],"wp:term":[{"taxonomy":"category","embeddable":true,"href":"https:\/\/www.europesays.com\/fr\/wp-json\/wp\/v2\/categories?post=294320"},{"taxonomy":"post_tag","embeddable":true,"href":"https:\/\/www.europesays.com\/fr\/wp-json\/wp\/v2\/tags?post=294320"}],"curies":[{"name":"wp","href":"https:\/\/api.w.org\/{rel}","templated":true}]}}