{"id":294330,"date":"2025-08-03T20:49:23","date_gmt":"2025-08-03T20:49:23","guid":{"rendered":"https:\/\/www.europesays.com\/fr\/294330\/"},"modified":"2025-08-03T20:49:23","modified_gmt":"2025-08-03T20:49:23","slug":"figure-emblematique-de-france-3-rhone-alpes-a-lyon-patrick-lion-est-decede","status":"publish","type":"post","link":"https:\/\/www.europesays.com\/fr\/294330\/","title":{"rendered":"Figure embl\u00e9matique de France 3 Rh\u00f4ne-Alpes \u00e0 Lyon, Patrick Lion est d\u00e9c\u00e9d\u00e9"},"content":{"rendered":"<p itemprop=\"description\"><strong>Il avait 74 ans.<\/strong><\/p>\n<p>L&rsquo;ancien pr\u00e9sentateur TV Patrick Lion est d\u00e9c\u00e9d\u00e9 ce vendredi des suites d&rsquo;une longue maladie.<\/p>\n<p>Son visage et sa voix ont marqu\u00e9 de nombreux Lyonnais car il fut la figure embl\u00e9matique de France 3 Rh\u00f4ne-Alpes pendant pr\u00e8s de 30 ans.<\/p>\n<p>A la pr\u00e9sentation du 12\/13 et du 19\/20 dans les ann\u00e9es 80 et 90, le journaliste \u00e9tait surnomm\u00e9 \u00e0 France 3 \u00ab\u00a0l&rsquo;homme aux 10 000 JT\u00a0\u00bb. Il a couvert un nombre incalculable d&rsquo;\u00e9v\u00e8nements lyonnais, couvrant quatre d\u00e9cennies.<\/p>\n<p>Patrick \u00ab\u00a0Lion, comme l&rsquo;animal\u00a0\u00bb avait disparu des plateaux dans les ann\u00e9es 2000 pour occuper d&rsquo;autres fonctions au sein de la cha\u00eene install\u00e9e \u00e0 la Part-Dieu, avant de prendre sa retraite en 2014.<\/p>\n","protected":false},"excerpt":{"rendered":"Il avait 74 ans. L&rsquo;ancien pr\u00e9sentateur TV Patrick Lion est d\u00e9c\u00e9d\u00e9 ce vendredi des suites d&rsquo;une longue maladie.&hellip;\n","protected":false},"author":2,"featured_media":294331,"comment_status":"","ping_status":"","sticky":false,"template":"","format":"standard","meta":{"footnotes":""},"categories":[1889],"tags":[1111,11,2813,2190,2430,1109,251,1112,2811,1777,674,118,1011,27,1922,1110,1114,2428,2810,12,241,316,25,2812,517,800],"class_list":{"0":"post-294330","1":"post","2":"type-post","3":"status-publish","4":"format-standard","5":"has-post-thumbnail","7":"category-lyon","8":"tag-actu","9":"tag-actualites","10":"tag-article","11":"tag-asvel","12":"tag-auvergne-rhone-alpes","13":"tag-breves","14":"tag-culture","15":"tag-depeches","16":"tag-economique","17":"tag-eu","18":"tag-europe","19":"tag-faits-divers","20":"tag-fr","21":"tag-france","22":"tag-info","23":"tag-informations","24":"tag-infos","25":"tag-lyon","26":"tag-lyonmag","27":"tag-news","28":"tag-ol","29":"tag-politique","30":"tag-republique-francaise","31":"tag-sociale","32":"tag-sport","33":"tag-transports"},"share_on_mastodon":{"url":"https:\/\/pubeurope.com\/@fr\/114966807378032040","error":""},"_links":{"self":[{"href":"https:\/\/www.europesays.com\/fr\/wp-json\/wp\/v2\/posts\/294330","targetHints":{"allow":["GET"]}}],"collection":[{"href":"https:\/\/www.europesays.com\/fr\/wp-json\/wp\/v2\/posts"}],"about":[{"href":"https:\/\/www.europesays.com\/fr\/wp-json\/wp\/v2\/types\/post"}],"author":[{"embeddable":true,"href":"https:\/\/www.europesays.com\/fr\/wp-json\/wp\/v2\/users\/2"}],"replies":[{"embeddable":true,"href":"https:\/\/www.europesays.com\/fr\/wp-json\/wp\/v2\/comments?post=294330"}],"version-history":[{"count":0,"href":"https:\/\/www.europesays.com\/fr\/wp-json\/wp\/v2\/posts\/294330\/revisions"}],"wp:featuredmedia":[{"embeddable":true,"href":"https:\/\/www.europesays.com\/fr\/wp-json\/wp\/v2\/media\/294331"}],"wp:attachment":[{"href":"https:\/\/www.europesays.com\/fr\/wp-json\/wp\/v2\/media?parent=294330"}],"wp:term":[{"taxonomy":"category","embeddable":true,"href":"https:\/\/www.europesays.com\/fr\/wp-json\/wp\/v2\/categories?post=294330"},{"taxonomy":"post_tag","embeddable":true,"href":"https:\/\/www.europesays.com\/fr\/wp-json\/wp\/v2\/tags?post=294330"}],"curies":[{"name":"wp","href":"https:\/\/api.w.org\/{rel}","templated":true}]}}