{"id":294334,"date":"2025-08-03T20:52:12","date_gmt":"2025-08-03T20:52:12","guid":{"rendered":"https:\/\/www.europesays.com\/fr\/294334\/"},"modified":"2025-08-03T20:52:12","modified_gmt":"2025-08-03T20:52:12","slug":"les-droits-de-douane-americains-imposes-au-reste-du-monde-sont-quasiment-definitifs-et-ne-devraient-pas-faire-lobjet-de-negociations-dans-limmediat-selon-washington","status":"publish","type":"post","link":"https:\/\/www.europesays.com\/fr\/294334\/","title":{"rendered":"Les droits de douane am\u00e9ricains impos\u00e9s au reste du monde sont \u00ab\u00a0quasiment d\u00e9finitifs\u00a0\u00bb et ne devraient pas faire l&rsquo;objet de n\u00e9gociations dans l&rsquo;imm\u00e9diat, selon Washington"},"content":{"rendered":"\n<p class=\"c-chapo \">\n  Donald Trump a sign\u00e9 jeudi le d\u00e9cret fixant le montant des nouveaux droits de douane qui toucheront plusieurs dizaines de pays, allant de 10% \u00e0 41%.\n<\/p>\n<p>            lire plus tard<\/p>\n<p id=\"dialog__title\" class=\"dialog__title\">Pour sauvegarder cet article, connectez-vous ou cr\u00e9ez un compte franceinfo<\/p>\n<p class=\"dialog__description\">Sans paiement. Sans abonnement.<\/p>\n<p>        Fermer la fen\u00eatre d\u2019activation des notifications France Info<\/p>\n<p>            cr\u00e9er votre compte<\/p>\n<p>            se connecter<\/p>\n<p>        Fermer la fen\u00eatre de pr\u00e9sentation<\/p>\n<p>    <img loading=\"lazy\" decoding=\"async\" class=\"signature__image lazyload\" width=\"100\" height=\"100\" data- alt=\"\" src=\"https:\/\/www.europesays.com\/fr\/wp-content\/uploads\/2025\/05\/64a68815cd1a7_placeholder-36b69ec8.png\"\/><\/p>\n<p>    Publi\u00e9 le 03\/08\/2025 21:46<\/p>\n<p>        Temps de lecture : 1min<\/p>\n<p>    <img decoding=\"async\"  alt=\"Le repr\u00e9sentant au Commerce am\u00e9ricain, Jamieson Greer, \u00e0 Stockholm, en Su\u00e8de, le 29 juillet 2025. (MAGNUS LEJHALL \/ TT NEWS AGENCY \/ AFP)\" width=\"432\" height=\"243\" src=\"https:\/\/www.europesays.com\/fr\/wp-content\/uploads\/2025\/08\/043-sw-p3vzzfqnsrs-688fbbdc90f20252742197.jpg\" fetchpriority=\"high\"\/><\/p>\n<p>      Le repr\u00e9sentant au Commerce am\u00e9ricain, Jamieson Greer, \u00e0 Stockholm, en Su\u00e8de, le 29 juillet 2025. (MAGNUS LEJHALL \/ TT NEWS AGENCY \/ AFP)<\/p>\n<p><a href=\"https:\/\/www.franceinfo.fr\/monde\/usa\/droits-de-douane\/droits-de-douanes-selon-le-tresor-americain-les-recettes-des-taxes-douanieres-battent-des-records-avec-87-milliards-de-dollars-en-six-mois_7411546.html\" rel=\"nofollow noopener\" target=\"_blank\">Les nouveaux droits de douane de Donald Trump<\/a> sont \u00ab\u00a0quasiment d\u00e9finitifs\u00a0\u00bb et ne devraient pas faire l&rsquo;objet de n\u00e9gociations dans l&rsquo;imm\u00e9diat, selon le repr\u00e9sentant au Commerce am\u00e9ricain, dimanche 3 ao\u00fbt, qui a \u00e9galement d\u00e9fendu les <a href=\"https:\/\/www.franceinfo.fr\/monde\/usa\/presidentielle\/donald-trump\/droits-de-douane-donald-trump-a-signe-un-decret-imposant-50-sur-les-produits-bresiliens_7408444.html\" rel=\"nofollow noopener\" target=\"_blank\">mesures commerciales prises par le pr\u00e9sident \u00e0 l&rsquo;encontre du Br\u00e9sil<\/a>.<\/p>\n<p>Ces d\u00e9clarations viennent du\u00a0repr\u00e9sentant Jamieson Greer sur la cha\u00eene <a href=\"https:\/\/www.cbsnews.com\/video\/trade-representative-jamieson-greer-says-trump-tariff-rates-are-pretty-much-set\/\" target=\"_blank\" rel=\"noopener nofollow\">CBS<\/a>, lors d&rsquo;une interview pr\u00e9enregistr\u00e9e, diffus\u00e9e dimanche. Questionn\u00e9 sur de possibles n\u00e9gociations \u00e0 la baisse de ces surtaxes douani\u00e8res, Jamieson Greer a dit qu&rsquo;elles n&rsquo;auraient probablement pas lieu \u00ab\u00a0dans les prochains jours\u00a0\u00bb.<\/p>\n<p>Donald Trump a sign\u00e9 jeudi le d\u00e9cret fixant le montant des nouveaux droits de douane qui toucheront plusieurs dizaines de pays, allant de 10% \u00e0 41%. Ces nouvelles taxes sur les importations prendront effet, pour l&rsquo;essentiel des pays, le 7 ao\u00fbt, afin de permettre aux douanes de s&rsquo;organiser pour leur collecte.<\/p>\n<p>Les produits de l&rsquo;Union europ\u00e9enne, du Japon ou de la Cor\u00e9e du Sud seront tax\u00e9s \u00e0 hauteur de 15%, ceux du Royaume-Uni \u00e0 10%. L&rsquo;Indon\u00e9sie est \u00e0 19%, le Vietnam et Ta\u00efwan subissent des surtaxes de 20%. \u00ab\u00a0Nous pouvons clairement voir les contours du projet commercial du pr\u00e9sident \u00e0 travers ces taux\u00a0\u00bb, a comment\u00e9 Jamieson Greer.<\/p>\n<p>Ces droits de douane sont aussi un moyen de pression politique pour Donald Trump. Le Br\u00e9sil, coupable aux yeux du locataire de la Maison Blanche de poursuivre en justice son alli\u00e9 d&rsquo;extr\u00eame droite, l&rsquo;ancien pr\u00e9sident Jair Bolsonaro, va voir ses produits entrant aux \u00c9tats-Unis tax\u00e9 \u00e0 50%. \u00ab\u00a0Le pr\u00e9sident a constat\u00e9 au Br\u00e9sil, comme dans d&rsquo;autres pays, un mauvais usage de la loi, un mauvais usage de la d\u00e9mocratie\u00a0\u00bb, a soulign\u00e9 le repr\u00e9sentant au Commerce.<\/p>\n","protected":false},"excerpt":{"rendered":"Donald Trump a sign\u00e9 jeudi le d\u00e9cret fixant le montant des nouveaux droits de douane qui toucheront plusieurs&hellip;\n","protected":false},"author":2,"featured_media":294335,"comment_status":"","ping_status":"","sticky":false,"template":"","format":"standard","meta":{"footnotes":""},"categories":[1888],"tags":[1111,1928,11,1927,1777,674,1011,27,12,1926,626,1925,25],"class_list":{"0":"post-294334","1":"post","2":"type-post","3":"status-publish","4":"format-standard","5":"has-post-thumbnail","7":"category-paris","8":"tag-actu","9":"tag-actu-paris","10":"tag-actualites","11":"tag-actualites-paris","12":"tag-eu","13":"tag-europe","14":"tag-fr","15":"tag-france","16":"tag-news","17":"tag-news-paris","18":"tag-paris","19":"tag-paris-news","20":"tag-republique-francaise"},"share_on_mastodon":{"url":"https:\/\/pubeurope.com\/@fr\/114966819400452195","error":""},"_links":{"self":[{"href":"https:\/\/www.europesays.com\/fr\/wp-json\/wp\/v2\/posts\/294334","targetHints":{"allow":["GET"]}}],"collection":[{"href":"https:\/\/www.europesays.com\/fr\/wp-json\/wp\/v2\/posts"}],"about":[{"href":"https:\/\/www.europesays.com\/fr\/wp-json\/wp\/v2\/types\/post"}],"author":[{"embeddable":true,"href":"https:\/\/www.europesays.com\/fr\/wp-json\/wp\/v2\/users\/2"}],"replies":[{"embeddable":true,"href":"https:\/\/www.europesays.com\/fr\/wp-json\/wp\/v2\/comments?post=294334"}],"version-history":[{"count":0,"href":"https:\/\/www.europesays.com\/fr\/wp-json\/wp\/v2\/posts\/294334\/revisions"}],"wp:featuredmedia":[{"embeddable":true,"href":"https:\/\/www.europesays.com\/fr\/wp-json\/wp\/v2\/media\/294335"}],"wp:attachment":[{"href":"https:\/\/www.europesays.com\/fr\/wp-json\/wp\/v2\/media?parent=294334"}],"wp:term":[{"taxonomy":"category","embeddable":true,"href":"https:\/\/www.europesays.com\/fr\/wp-json\/wp\/v2\/categories?post=294334"},{"taxonomy":"post_tag","embeddable":true,"href":"https:\/\/www.europesays.com\/fr\/wp-json\/wp\/v2\/tags?post=294334"}],"curies":[{"name":"wp","href":"https:\/\/api.w.org\/{rel}","templated":true}]}}